{"id":6102,"date":"2020-11-12T15:44:05","date_gmt":"2020-11-12T15:44:05","guid":{"rendered":"https:\/\/unoticias.com.mx\/?p=6102"},"modified":"2020-11-12T15:44:05","modified_gmt":"2020-11-12T15:44:05","slug":"maestros-de-la-ceteg-vandalizan-oficinas-educativas-y-agreden-a-2-reporteras-en-chilpancingo","status":"publish","type":"post","link":"https:\/\/unoticias.com.mx\/index.php\/2020\/11\/12\/maestros-de-la-ceteg-vandalizan-oficinas-educativas-y-agreden-a-2-reporteras-en-chilpancingo\/","title":{"rendered":"MAESTROS DE LA CETEG VANDALIZAN OFICINAS EDUCATIVAS Y AGREDEN A 2 REPORTERAS EN CHILPANCINGO."},"content":{"rendered":"\n<p>MAESTROS DE LA CETEG VANDALIZAN OFICINAS EDUCATIVAS Y AGREDEN A 2 REPORTERAS EN CHILPANCINGO.<\/p>\n\n\n\n<p>Escribe: Marcial Campuzano<\/p>\n\n\n\n<p>Maestros de la Coordinadora Estatal de Trabajadores de la Educaci\u00f3n de Guerrero (CETEG), vandalizaron las oficinas alternas que tiene la Secretar\u00eda de Educaci\u00f3n Guerrero ubicadas a un costado de la avenida Gobernadores cerca de la residencia oficial Casa Guerrero, y agredieron f\u00edsica y verbalmente a 2 reporteras cuando pretend\u00edan tomar fotograf\u00edas de los destrozos.<\/p>\n\n\n\n<p>La agresi\u00f3n a periodistas motiv\u00f3 una protesta de comunicadores en la sede de la CETEG ubicada en la Avenida Circunvalaci\u00f3n a un costado de lo que fue el edificio del ex Ineban, en donde exigieron respeto al trabajo period\u00edstico, y les recriminaron que a cambio de cubrir sus actividades reciben golpes e insultos.<\/p>\n\n\n\n<p>A las 11 de la ma\u00f1ana de este mi\u00e9rcoles, maestros de la CETEG presuntamente encabezados por Manuel Venancio Salgado, quien es uno de los dirigentes del magisterio disidente, arribaron a la sede alterna de la Secretar\u00eda de Educaci\u00f3n Guerrero en donde rompieron ventanas de vidrio, pintarrajearon las paredes, aventaron muebles de oficina a una alberca y destrozaron documentos oficiales.<\/p>\n\n\n\n<p>Los cetegistas exigen la salida de la directora de Educaci\u00f3n del estado, y que sean contratados 30 maestros del Sistema Educativo Estatal al quedar fuera de los servicios educativos desde hace 3 meses.<\/p>\n\n\n\n<p>Este mismo grupo de maestros de la CETEG bloque\u00f3 el pasado martes los accesos del edificio \u201cJuan \u00c1lvarez\u201d ubicado a unos metros del z\u00f3calo, en exigencia de que se activen los contratos de profesores que prestan sus servicios bajo la modalidad de contrato.<\/p>\n\n\n\n<p>Cuando las reporteras Mar\u00eda Avil\u00e9s Rodr\u00edguez del peri\u00f3dico \u201cEl Sur\u201d, y Beatriz Garc\u00eda del peri\u00f3dico \u201cLa Jornada\u201d pretend\u00edan introducirse al inmueble, fueron retenidas a golpes e insultos por maestras y maestros cetegistas para evitar que tomaran testimonios de los destrozos en el inmueble.<\/p>\n\n\n\n<p>La reportera de \u201cEl Sur\u201d narr\u00f3 que fue despojada de su tel\u00e9fono celular, que fue agredida f\u00edsica y verbalmente a pesar de que junto con su compa\u00f1era se identificaron como periodistas.<\/p>\n\n\n\n<p>La agresi\u00f3n a las comunicadoras deriv\u00f3 en una protesta que efectuaron m\u00e1s de 20 comunicadores en la sede de la Coordinadora Estatal de Trabajadores de la Educaci\u00f3n, en donde encararon a los maestros, les recriminaron que les propinan golpes e insultos a cambio de las coberturas period\u00edsticas de las m\u00faltiples manifestaciones y otras actividades que lleva a cabo el magisterio disidente.<\/p>\n\n\n\n<p>Les exigieron total respeto al trabajo period\u00edstico; les exigieron que nunca m\u00e1s se registre una agresi\u00f3n contra los periodistas que lo \u00fanico que hacen es cubrir eventos noticiosos para entrar a la poblaci\u00f3n.<\/p>\n\n\n\n<p>En respuesta uno de los maestros cetegistas dijo a los comunicadores que la agresi\u00f3n fue \u201cporque las maestras y los maestros est\u00e1n estresados\u201d. En respuesta a esta justificaci\u00f3n, en la fachada principal del inmueble de la CETEG los inconformes escribieron \u00a1\u00a1\u00a1Estr\u00e9s mis Huevos!!! en repudio al argumento expuesto.<\/p>\n","protected":false},"excerpt":{"rendered":"<p>MAESTROS DE LA CETEG VANDALIZAN OFICINAS EDUCATIVAS Y AGREDEN A 2 REPORTERAS EN CHILPANCINGO. Escribe: Marcial Campuzano Maestros de la Coordinadora Estatal de Trabajadores de la Educaci\u00f3n de Guerrero (CETEG), &hellip; <a href=\"https:\/\/unoticias.com.mx\/index.php\/2020\/11\/12\/maestros-de-la-ceteg-vandalizan-oficinas-educativas-y-agreden-a-2-reporteras-en-chilpancingo\/\" class=\"more-link\">Leer m\u00e1s<\/a><\/p>\n","protected":false},"author":1,"featured_media":6103,"comment_status":"open","ping_status":"open","sticky":false,"template":"","format":"standard","meta":{"spay_email":"","footnotes":"","jetpack_publicize_message":"","jetpack_is_tweetstorm":false,"jetpack_publicize_feature_enabled":true},"categories":[15],"tags":[],"class_list":["post-6102","post","type-post","status-publish","format-standard","has-post-thumbnail","hentry","category-local-news","entry"],"jetpack_featured_media_url":"https:\/\/unoticias.com.mx\/wp-content\/uploads\/2020\/11\/IMG_20201112_094313_332.jpg","jetpack_publicize_connections":[],"jetpack_sharing_enabled":true,"jetpack_likes_enabled":true,"_links":{"self":[{"href":"https:\/\/unoticias.com.mx\/index.php\/wp-json\/wp\/v2\/posts\/6102","targetHints":{"allow":["GET"]}}],"collection":[{"href":"https:\/\/unoticias.com.mx\/index.php\/wp-json\/wp\/v2\/posts"}],"about":[{"href":"https:\/\/unoticias.com.mx\/index.php\/wp-json\/wp\/v2\/types\/post"}],"author":[{"embeddable":true,"href":"https:\/\/unoticias.com.mx\/index.php\/wp-json\/wp\/v2\/users\/1"}],"replies":[{"embeddable":true,"href":"https:\/\/unoticias.com.mx\/index.php\/wp-json\/wp\/v2\/comments?post=6102"}],"version-history":[{"count":1,"href":"https:\/\/unoticias.com.mx\/index.php\/wp-json\/wp\/v2\/posts\/6102\/revisions"}],"predecessor-version":[{"id":6104,"href":"https:\/\/unoticias.com.mx\/index.php\/wp-json\/wp\/v2\/posts\/6102\/revisions\/6104"}],"wp:featuredmedia":[{"embeddable":true,"href":"https:\/\/unoticias.com.mx\/index.php\/wp-json\/wp\/v2\/media\/6103"}],"wp:attachment":[{"href":"https:\/\/unoticias.com.mx\/index.php\/wp-json\/wp\/v2\/media?parent=6102"}],"wp:term":[{"taxonomy":"category","embeddable":true,"href":"https:\/\/unoticias.com.mx\/index.php\/wp-json\/wp\/v2\/categories?post=6102"},{"taxonomy":"post_tag","embeddable":true,"href":"https:\/\/unoticias.com.mx\/index.php\/wp-json\/wp\/v2\/tags?post=6102"}],"curies":[{"name":"wp","href":"https:\/\/api.w.org\/{rel}","templated":true}]}}