{"id":6105,"date":"2020-11-12T18:22:30","date_gmt":"2020-11-12T18:22:30","guid":{"rendered":"https:\/\/unoticias.com.mx\/?p=6105"},"modified":"2020-11-12T18:22:30","modified_gmt":"2020-11-12T18:22:30","slug":"las-circunstancias-politicas-lograron-unificar-al-pri-prd-mario-moreno","status":"publish","type":"post","link":"https:\/\/unoticias.com.mx\/index.php\/2020\/11\/12\/las-circunstancias-politicas-lograron-unificar-al-pri-prd-mario-moreno\/","title":{"rendered":"Las circunstancias pol\u00edticas lograron unificar al PRI- PRD: Mario Moreno."},"content":{"rendered":"\n<p>Las circunstancias pol\u00edticas lograron unificar al PRI- PRD: Mario Moreno.<\/p>\n\n\n\n<p>El ex secretario de Sedesol, Mario Moreno Arcos, reconoci\u00f3 que durante a\u00f1os fueron enemigos pol\u00edticos antag\u00f3nicos, pero que hoy las circunstancias pol\u00edticas lograron unificar al PRI.-PRD a buscar coincidencias de bienestar para mantener el la ruta del desarrollo a Guerrero. Con una tendencia ganadora.<br>El ex funcionario estatal, reconoci\u00f3 que existe la posibilidad de buenos resultados, durante el proceso electoral que est\u00e1 iniciando desde el pasado lunes.<br>Indic\u00f3 que el Partido ser\u00e1 quien defina quien ser\u00e1 el abanderado, porque hay varios registrados entre ellos Manuel A\u00f1orve y H\u00e9ctor Apreza Patr\u00f3n, quienes tienen todo el derecho de ser part\u00edcipes en esta fiesta electoral.<br>Indic\u00f3 que se necesita de la unidad de todos los priistas para sacar adelante el compromiso de continuar con el liderazgo como instituto pol\u00edtico y de mantener la gubernatura.<br>Consider\u00f3 que ser\u00e1 una contienda muy re\u00f1ida pero con la experiencia que se tiene, de puede sacar una buena ventaja, especialmente porque el gobernador H\u00e9ctor Astudillo est\u00e1 haciendo lo correcto y ha dado ejemplo de solidaridad con los guerrerenses en estos momento dif\u00edciles.<br>El ex secretario de desarrollo social del gobierno de Guerrero, Mario Moreno Arcos, celebr\u00f3 la alianza que formalizaron anoche las dirigencias estatales del PRI y PRD, de cara a la elecci\u00f3n de gobernador en el 2021.<br>En un mensaje difundido en la red social Facebook, el ex funcionario que aspira a la candidatura de su partido, el Revolucionario Institucional, para suceder al gobernador H\u00e9ctor Astudillo Flores, consider\u00f3 que la alianza es una suma de fortalezas.<br>\u201cCelebro la alianza PRI-PRD, siempre he cre\u00eddo que es la suma de fortalezas, esfuerzo y capacidades lo que genera las mejores condiciones en cualquier \u00e1mbito\u201d, escribi\u00f3.<br>En el texto difundido por Moreno Arcos, refiere que \u201choy el pa\u00eds entero transita por un momento hist\u00f3rico y es necesario fluir con el cambio, abrir espacios y ofertar alternativas; #Guerrero forma parte fundamental de \u00e9sta coyuntura y nos demanda unidad, claridad y confianza\u201d.<br>El ex diputado federal y dos veces alcalde de Chilpancingo, renunci\u00f3 a su cargo hace dos d\u00edas en su aspiraci\u00f3n por buscar la candidatura del PRI al gobierno de Guerrero en las elecciones del a\u00f1o pr\u00f3ximo.<\/p>\n","protected":false},"excerpt":{"rendered":"<p>Las circunstancias pol\u00edticas lograron unificar al PRI- PRD: Mario Moreno. El ex secretario de Sedesol, Mario Moreno Arcos, reconoci\u00f3 que durante a\u00f1os fueron enemigos pol\u00edticos antag\u00f3nicos, pero que hoy las &hellip; <a href=\"https:\/\/unoticias.com.mx\/index.php\/2020\/11\/12\/las-circunstancias-politicas-lograron-unificar-al-pri-prd-mario-moreno\/\" class=\"more-link\">Leer m\u00e1s<\/a><\/p>\n","protected":false},"author":1,"featured_media":6106,"comment_status":"open","ping_status":"open","sticky":false,"template":"","format":"standard","meta":{"spay_email":"","footnotes":"","jetpack_publicize_message":"","jetpack_is_tweetstorm":false,"jetpack_publicize_feature_enabled":true},"categories":[15],"tags":[],"class_list":["post-6105","post","type-post","status-publish","format-standard","has-post-thumbnail","hentry","category-local-news","entry"],"jetpack_featured_media_url":"https:\/\/unoticias.com.mx\/wp-content\/uploads\/2020\/11\/IMG_20201112_122120_025.jpg","jetpack_publicize_connections":[],"jetpack_sharing_enabled":true,"jetpack_likes_enabled":true,"_links":{"self":[{"href":"https:\/\/unoticias.com.mx\/index.php\/wp-json\/wp\/v2\/posts\/6105","targetHints":{"allow":["GET"]}}],"collection":[{"href":"https:\/\/unoticias.com.mx\/index.php\/wp-json\/wp\/v2\/posts"}],"about":[{"href":"https:\/\/unoticias.com.mx\/index.php\/wp-json\/wp\/v2\/types\/post"}],"author":[{"embeddable":true,"href":"https:\/\/unoticias.com.mx\/index.php\/wp-json\/wp\/v2\/users\/1"}],"replies":[{"embeddable":true,"href":"https:\/\/unoticias.com.mx\/index.php\/wp-json\/wp\/v2\/comments?post=6105"}],"version-history":[{"count":1,"href":"https:\/\/unoticias.com.mx\/index.php\/wp-json\/wp\/v2\/posts\/6105\/revisions"}],"predecessor-version":[{"id":6107,"href":"https:\/\/unoticias.com.mx\/index.php\/wp-json\/wp\/v2\/posts\/6105\/revisions\/6107"}],"wp:featuredmedia":[{"embeddable":true,"href":"https:\/\/unoticias.com.mx\/index.php\/wp-json\/wp\/v2\/media\/6106"}],"wp:attachment":[{"href":"https:\/\/unoticias.com.mx\/index.php\/wp-json\/wp\/v2\/media?parent=6105"}],"wp:term":[{"taxonomy":"category","embeddable":true,"href":"https:\/\/unoticias.com.mx\/index.php\/wp-json\/wp\/v2\/categories?post=6105"},{"taxonomy":"post_tag","embeddable":true,"href":"https:\/\/unoticias.com.mx\/index.php\/wp-json\/wp\/v2\/tags?post=6105"}],"curies":[{"name":"wp","href":"https:\/\/api.w.org\/{rel}","templated":true}]}}