{"id":6178,"date":"2020-11-17T14:54:16","date_gmt":"2020-11-17T14:54:16","guid":{"rendered":"https:\/\/unoticias.com.mx\/?p=6178"},"modified":"2020-11-17T14:54:16","modified_gmt":"2020-11-17T14:54:16","slug":"alerta-el-gobernador-astudillo-2021-sera-complicado-por-recortes-a-presupuestos","status":"publish","type":"post","link":"https:\/\/unoticias.com.mx\/index.php\/2020\/11\/17\/alerta-el-gobernador-astudillo-2021-sera-complicado-por-recortes-a-presupuestos\/","title":{"rendered":"ALERTA EL GOBERNADOR ASTUDILLO, 2021 SER\u00c1 COMPLICADO POR RECORTES A PRESUPUESTOS."},"content":{"rendered":"\n<p>ALERTA EL GOBERNADOR ASTUDILLO, 2021 SER\u00c1 COMPLICADO POR RECORTES A PRESUPUESTOS.<\/p>\n\n\n\n<p>Escribe: Marcial Campuzano<\/p>\n\n\n\n<p>*Habr\u00e1 menos recursos para el campo, carreteras, agua potable y desapareci\u00f3 el Fortaseg.<\/p>\n\n\n\n<p>El gobernador H\u00e9ctor Astudillo inform\u00f3 que el 2021 ser\u00e1 m\u00e1s complicado de lo que se ten\u00eda previsto, porque disminuyeron en 72 por ciento las inversiones para el arreglo y construcci\u00f3n de carreteras; se redujo en 22.5 por ciento el presupuesto para agua potable; y fue eliminado el fondo para el Fortalecimiento de la Seguridad P\u00fablica (Fortaseg), con lo que dejar\u00e1n de llegar al estado 250 millones de pesos; mientras que las participaciones que reciben estados y municipios tuvieron una baja del 5.3 por ciento.<\/p>\n\n\n\n<p>Asimismo, el mandatario estatal manifest\u00f3 no ser\u00e1n cerradas las carreteras para evitar la llegada de turistas a Guerrero por los contagios de coronavirus, y reiter\u00f3 a la poblaci\u00f3n su llamado para que extreme cuidados porque vienen tiempos complicados, pues todo apunta a que habr\u00e1 mucho turismo de playa en diciembre; y reiter\u00f3 su convocatoria a los \u00f3rganos electorales local y federal para que establezcan mecanismos de protecci\u00f3n, al iniciar las labores de proselitismo por el proceso electoral de gobernador, ayuntamientos y diputados.<\/p>\n\n\n\n<p>El gobernador H\u00e9ctor Astudillo fue entrevistado esta ma\u00f1ana, luego de que acompa\u00f1ado de su esposa Mercedes Calvo de Astudillo; del alcalde de Antonio Gaspar; y del presidente de la Cruz Roja Mexicana Fernando Suinaga C\u00e1rdenas, inaugur\u00f3 el Centro Estatal de Capacitaci\u00f3n de La Cruz Roja que est\u00e1 ubicado a un costado del boulevard \u201cVicente Guerrero\u201d, frente a la colonia Tata Gildo, que tuvo una inversi\u00f3n de 11.7 millones de pesos.<\/p>\n\n\n\n<p>Aclar\u00f3 a la poblaci\u00f3n que todav\u00eda no hay vacuna contra el covid-19, y que en Acapulco ya comenz\u00f3 el ensayo cl\u00ednico con la participaci\u00f3n de voluntarios mayores de 18 a\u00f1os de edad, para probar la efectividad de la vacuna elaborada por la empresa China CanSino.<\/p>\n\n\n\n<p>En varios pa\u00edses del mundo hay una carrera para encontrar la cura del covid-19. Hay laboratorios que dicen que su vacuna tiene una efectividad del 94.5 por ciento; otros de m\u00e1s del 90 por ciento de efectividad, pero hasta ahora no hay manera de decir que ya hay una vacuna en M\u00e9xico para acabar con la pandemia, explic\u00f3 el mandatario estatal.<\/p>\n\n\n\n<p>Ante el arribo de miles de turistas el pasado fin de semana largo, que el gobernador calific\u00f3 como el preludio de lo que vendr\u00e1 en diciembre, Astudillo aclar\u00f3 que si bien el gobierno del estado orden\u00f3 hace unos meses el cierre de playas, no ordenar\u00e1 el cierre de carreteras para frenar la llegada de turistas en plena pandemia.<\/p>\n\n\n\n<p>\u201cLa ense\u00f1anza que nos dej\u00f3 este puente largo es que el turismo viene al mar y a la playa en familia para tratar de encontrar un espacio de relajamiento\u201d, dijo. Destac\u00f3 que a pesar de la presencia del virus covid-19 Guerrero y sus destinos tur\u00edsticos siguen siendo un atractivo extraordinario.<\/p>\n\n\n\n<p>Aclar\u00f3 que no puede el gobierno del estado recurrir al cierre de carreteras porque son espacios federales, y que para ello se tendr\u00edan que tomar acuerdos con la Federaci\u00f3n.<\/p>\n\n\n\n<p>Aclar\u00f3 que ning\u00fan pa\u00eds del mundo ni los m\u00e1s poderosos est\u00e1n preparados para enfrentar el virus \u201cporque la pandemia fue inesperada\u201d, e insisti\u00f3 en que Guerrero y el pa\u00eds cerrar\u00e1n este a\u00f1o con covid, y se mantendr\u00e1n con covid por lo menos los primeros 6 meses del 2021, porque de acuerdo a c\u00e1lculos la vacuna estar\u00eda llegando en junio de la pr\u00f3xima anualidad.<\/p>\n\n\n\n<p>NO ES POL\u00cdTICO EL CONFLICTO<br>DE TIERRAS EN MALINALTEPEC<\/p>\n\n\n\n<p>En potra parte de la entrevista, H\u00e9ctor Astudillo dijo que el conflicto de tierras que hay entre comuneros del municipio de Malinaltepec de la regi\u00f3n de La Monta\u00f1a, requiere no s\u00f3lo de la participaci\u00f3n del gobierno del estado sino de la Federaci\u00f3n.<\/p>\n\n\n\n<p>Explic\u00f3 que recientemente hubo una resoluci\u00f3n del Tribunal Agrario en la que casi hubo un empate, \u201co sea las cosas quedaron casi en las mismas circunstancias por lo que es urgente la participaci\u00f3n del gobierno federal para encontrarle una salida definitiva al conflicto\u201d.<\/p>\n\n\n\n<p>Si bien el gobierno del estado tiene la obligaci\u00f3n de estar pendiente del conflicto, \u201clamentablemente lleg\u00f3 a circunstancias que no est\u00e1n al alcance de nosotros de pararlo, porque hay un conflicto que ha ido creciendo entre las partes y no podemos estar atravesados entre uno y otro habitante, pero haremos todo lo que est\u00e9 a nuestro alcance con la ayuda de la Guardia Nacional y la Secretar\u00eda de la Defensa Nacional para evitar m\u00e1s confrontaciones\u201d.<\/p>\n\n\n\n<p>Consider\u00f3 que es necesario que se integren las carpetas de investigaci\u00f3n por los homicidios que tienen que ver con el conflicto agrario.<\/p>\n\n\n\n<p>Astudillo aclar\u00f3 que no se detectan elementos de car\u00e1cter pol\u00edtico en el conflicto entre comuneros de Malinaltepec. \u201cEs un asunto de car\u00e1cter agrario que ha tenido explosiones con lamentables consecuencias como los fallecidos, en estos momentos no veo una mano de car\u00e1cter pol\u00edtica que est\u00e9 metida en este tema; no veo un partido pol\u00edtico ni actores pol\u00edticos, es una disputa por tierras\u201d.<\/p>\n\n\n\n<p>En relaci\u00f3n a la captura del capit\u00e1n Crespo del Ej\u00e9rcito Mexicano, por su presunta participaci\u00f3n en la desaparici\u00f3n de los 43 estudiantes de la normal de Ayotzinapa, el gobernador dijo tener conocimiento que se hacen las investigaciones, y que ser\u00e1 la autoridad investigadora la que determinar\u00e1 cu\u00e1l fue la participaci\u00f3n de esa persona en esos hechos.<\/p>\n\n\n\n<p>En materia pol\u00edtica electoral, el mandatario estatal inform\u00f3 que pidi\u00f3 a los funcionarios estatales que tengan inter\u00e9s de participar en el proceso electoral de gobernador, ayuntamientos y diputados, que atienden lo que dice la Ley Electoral para que no incurran en alguna circunstancia que pudiese generarles alg\u00fan problema, en alguna posible aspiraci\u00f3n que tengan.<\/p>\n\n\n\n<p>\u201cSoy y ser\u00e9 cuidadoso en todo esto. Como lo he dicho, yo soy gobernador, no soy un partido pol\u00edtico o representante de un partido pol\u00edtico, como tal lo \u00fanico que puedo hacer es que se genere un buen ambiente, dar los elementos necesarios para la elecci\u00f3n, dialogo con el Instituto Electoral para que se cuente con lo necesario para las elecciones, y ser s\u00f3lo proveedores de lo que est\u00e9 a nuestro alcance, de lo que sea necesario, y de lo que sea correcto hacer para que la elecci\u00f3n salga bien\u201d, indic\u00f3.<\/p>\n\n\n\n<p>Dijo que ser\u00e1 vigilante de que se cumpla la ley a trav\u00e9s de los \u00f3rganos que puedan estar al servicio del estado, \u201cno soy el fiscal pero tengo comunicaci\u00f3n con \u00e9l\u201d.<\/p>\n\n\n\n<p>Insisti\u00f3 en que los \u00f3rganos electorales local y federal, deben de atender las campa\u00f1as electorales por la presencia de la pandemia del coronavirus. Manifest\u00f3 que no se puede ir a campa\u00f1as sin que existan las elementales reglas de cuidado pensando en la salud de los dem\u00e1s, \u201cesto lo declaro como autoridad sanitaria\u201d.<\/p>\n\n\n\n<p>NO HABR\u00c1 DESFILES; EN<br>VEREMOS PEND\u00d3N Y FERIA<\/p>\n\n\n\n<p>En la entrevista el mandatario estatal inform\u00f3 que este martes se definir\u00e1 si habr\u00e1 o ser\u00e1 cancelado el tradicional Paseo del Pend\u00f3n y la Feria de San Mateo, Navidad y A\u00f1o Nuevo que se realizan en diciembre, por la presencia de la pandemia.<\/p>\n\n\n\n<p>Anunci\u00f3 que este martes sostendr\u00e1 una reuni\u00f3n con el alcalde Antonio Gaspar Beltr\u00e1n, y posteriormente se dar\u00e1 a conocer al mediod\u00eda la determinaci\u00f3n que se tome.<\/p>\n\n\n\n<p>Tambi\u00e9n dio a conocer que no habr\u00e1 desfiles ni eventos c\u00edvicos el 20 de noviembre con motivo del aniversario de la Revoluci\u00f3n Mexicana.<\/p>\n\n\n\n<p>SE AGRAVAR\u00c1N LAS FINANZAS<br>EN 2021, DIJO EL GOBERNADOR<\/p>\n\n\n\n<p>Astudillo Flores revel\u00f3 que este a\u00f1o es el m\u00e1s dif\u00edcil financieramente hablando en el tiempo que lleva como gobernador, porque hay muchas limitaciones de recursos y hay mucha incertidumbre de recursos econ\u00f3micos.<\/p>\n\n\n\n<p>Dio a conocer que al analizar el Presupuesto de Egresos federal aprobado por el Congreso federal, se observ\u00f3 que el presupuesto para carreteras disminuy\u00f3 en 72 por ciento, \u201ces decir, de cada 100 millones de pesos habr\u00e1 72 millones de pesos menos, y consecuentemente se van a arreglar y hacer menos carreteras; el presupuesto para agua potable decreci\u00f3 en 22.6 por ciento; las participaciones federales disminuyeron en 5.3 por ciento; y el campo estar\u00e1 casi sin nada, no hay inversiones para Guerrero.<\/p>\n\n\n\n<p>Adem\u00e1s, fue eliminado el Fortaseg que era un fondo que serv\u00eda parala compra de uniformes, patrillas, armas, capacitaci\u00f3n para polic\u00edas, con lo que al estado ya no llegar\u00e1n alrededor de 250 millones que se repart\u00edan los municipios de Acapulco, Chilpancingo, Iguala, Taxco, Chilapa y Zihuatanejo.<\/p>\n\n\n\n<p>Tambi\u00e9n fueron eliminados los recursos del Fondo Regional y del Fondo Metropolitano, con lo que el presupuesto de 2021 ser\u00e1 complejo no s\u00f3lo para Guerrero sino para todo el pa\u00eds.<\/p>\n","protected":false},"excerpt":{"rendered":"<p>ALERTA EL GOBERNADOR ASTUDILLO, 2021 SER\u00c1 COMPLICADO POR RECORTES A PRESUPUESTOS. Escribe: Marcial Campuzano *Habr\u00e1 menos recursos para el campo, carreteras, agua potable y desapareci\u00f3 el Fortaseg. El gobernador H\u00e9ctor &hellip; <a href=\"https:\/\/unoticias.com.mx\/index.php\/2020\/11\/17\/alerta-el-gobernador-astudillo-2021-sera-complicado-por-recortes-a-presupuestos\/\" class=\"more-link\">Leer m\u00e1s<\/a><\/p>\n","protected":false},"author":1,"featured_media":6179,"comment_status":"open","ping_status":"open","sticky":false,"template":"","format":"standard","meta":{"spay_email":"","footnotes":"","jetpack_publicize_message":"","jetpack_is_tweetstorm":false,"jetpack_publicize_feature_enabled":true},"categories":[15],"tags":[],"class_list":["post-6178","post","type-post","status-publish","format-standard","has-post-thumbnail","hentry","category-local-news","entry"],"jetpack_featured_media_url":"https:\/\/unoticias.com.mx\/wp-content\/uploads\/2020\/11\/FB_IMG_1605624594191.jpg","jetpack_publicize_connections":[],"jetpack_sharing_enabled":true,"jetpack_likes_enabled":true,"_links":{"self":[{"href":"https:\/\/unoticias.com.mx\/index.php\/wp-json\/wp\/v2\/posts\/6178","targetHints":{"allow":["GET"]}}],"collection":[{"href":"https:\/\/unoticias.com.mx\/index.php\/wp-json\/wp\/v2\/posts"}],"about":[{"href":"https:\/\/unoticias.com.mx\/index.php\/wp-json\/wp\/v2\/types\/post"}],"author":[{"embeddable":true,"href":"https:\/\/unoticias.com.mx\/index.php\/wp-json\/wp\/v2\/users\/1"}],"replies":[{"embeddable":true,"href":"https:\/\/unoticias.com.mx\/index.php\/wp-json\/wp\/v2\/comments?post=6178"}],"version-history":[{"count":1,"href":"https:\/\/unoticias.com.mx\/index.php\/wp-json\/wp\/v2\/posts\/6178\/revisions"}],"predecessor-version":[{"id":6180,"href":"https:\/\/unoticias.com.mx\/index.php\/wp-json\/wp\/v2\/posts\/6178\/revisions\/6180"}],"wp:featuredmedia":[{"embeddable":true,"href":"https:\/\/unoticias.com.mx\/index.php\/wp-json\/wp\/v2\/media\/6179"}],"wp:attachment":[{"href":"https:\/\/unoticias.com.mx\/index.php\/wp-json\/wp\/v2\/media?parent=6178"}],"wp:term":[{"taxonomy":"category","embeddable":true,"href":"https:\/\/unoticias.com.mx\/index.php\/wp-json\/wp\/v2\/categories?post=6178"},{"taxonomy":"post_tag","embeddable":true,"href":"https:\/\/unoticias.com.mx\/index.php\/wp-json\/wp\/v2\/tags?post=6178"}],"curies":[{"name":"wp","href":"https:\/\/api.w.org\/{rel}","templated":true}]}}