{"id":6490,"date":"2020-12-01T15:37:38","date_gmt":"2020-12-01T15:37:38","guid":{"rendered":"https:\/\/unoticias.com.mx\/?p=6490"},"modified":"2020-12-01T15:37:38","modified_gmt":"2020-12-01T15:37:38","slug":"van-en-coalicion-en-28-distritos-locales-del-pt-y-el-verde-ecologista-wences-real","status":"publish","type":"post","link":"https:\/\/unoticias.com.mx\/index.php\/2020\/12\/01\/van-en-coalicion-en-28-distritos-locales-del-pt-y-el-verde-ecologista-wences-real\/","title":{"rendered":"Van en coalici\u00f3n en 28 distritos locales del PT y el verde ecologista Wences Real."},"content":{"rendered":"\n<p>Van en coalici\u00f3n en 28 distritos locales del PT y el verde ecologista Wences Real.<\/p>\n\n\n\n<p>El comisionado del partido del trabajo en Guerrero Victoriano Wences real entreg\u00f3 en tiempo y forma ante el \u00f3rgano local nuestro convenio de coalici\u00f3n total para los 28 distritos locales, PT y Verde Ecologista.<\/p>\n\n\n\n<h1 class=\"wp-block-heading\">JuntosPodemos.<\/h1>\n\n\n\n<h1 class=\"wp-block-heading\">TengamosFe.<\/h1>\n\n\n\n<h1 class=\"wp-block-heading\">RescatemosGuerrero.<\/h1>\n","protected":false},"excerpt":{"rendered":"<p>Van en coalici\u00f3n en 28 distritos locales del PT y el verde ecologista Wences Real. El comisionado del partido del trabajo en Guerrero Victoriano Wences real entreg\u00f3 en tiempo y &hellip; <a href=\"https:\/\/unoticias.com.mx\/index.php\/2020\/12\/01\/van-en-coalicion-en-28-distritos-locales-del-pt-y-el-verde-ecologista-wences-real\/\" class=\"more-link\">Leer m\u00e1s<\/a><\/p>\n","protected":false},"author":1,"featured_media":6491,"comment_status":"open","ping_status":"open","sticky":false,"template":"","format":"standard","meta":{"spay_email":"","footnotes":"","jetpack_publicize_message":"","jetpack_is_tweetstorm":false,"jetpack_publicize_feature_enabled":true},"categories":[15],"tags":[],"class_list":["post-6490","post","type-post","status-publish","format-standard","has-post-thumbnail","hentry","category-local-news","entry"],"jetpack_featured_media_url":"https:\/\/unoticias.com.mx\/wp-content\/uploads\/2020\/12\/IMG_20201201_093530_263.jpg","jetpack_publicize_connections":[],"jetpack_sharing_enabled":true,"jetpack_likes_enabled":true,"_links":{"self":[{"href":"https:\/\/unoticias.com.mx\/index.php\/wp-json\/wp\/v2\/posts\/6490","targetHints":{"allow":["GET"]}}],"collection":[{"href":"https:\/\/unoticias.com.mx\/index.php\/wp-json\/wp\/v2\/posts"}],"about":[{"href":"https:\/\/unoticias.com.mx\/index.php\/wp-json\/wp\/v2\/types\/post"}],"author":[{"embeddable":true,"href":"https:\/\/unoticias.com.mx\/index.php\/wp-json\/wp\/v2\/users\/1"}],"replies":[{"embeddable":true,"href":"https:\/\/unoticias.com.mx\/index.php\/wp-json\/wp\/v2\/comments?post=6490"}],"version-history":[{"count":1,"href":"https:\/\/unoticias.com.mx\/index.php\/wp-json\/wp\/v2\/posts\/6490\/revisions"}],"predecessor-version":[{"id":6492,"href":"https:\/\/unoticias.com.mx\/index.php\/wp-json\/wp\/v2\/posts\/6490\/revisions\/6492"}],"wp:featuredmedia":[{"embeddable":true,"href":"https:\/\/unoticias.com.mx\/index.php\/wp-json\/wp\/v2\/media\/6491"}],"wp:attachment":[{"href":"https:\/\/unoticias.com.mx\/index.php\/wp-json\/wp\/v2\/media?parent=6490"}],"wp:term":[{"taxonomy":"category","embeddable":true,"href":"https:\/\/unoticias.com.mx\/index.php\/wp-json\/wp\/v2\/categories?post=6490"},{"taxonomy":"post_tag","embeddable":true,"href":"https:\/\/unoticias.com.mx\/index.php\/wp-json\/wp\/v2\/tags?post=6490"}],"curies":[{"name":"wp","href":"https:\/\/api.w.org\/{rel}","templated":true}]}}