{"id":6581,"date":"2020-12-05T18:31:02","date_gmt":"2020-12-05T18:31:02","guid":{"rendered":"https:\/\/unoticias.com.mx\/?p=6581"},"modified":"2020-12-05T18:31:02","modified_gmt":"2020-12-05T18:31:02","slug":"ejecutan-a-jovenes-en-pleno-centro-de-zihuatanejo","status":"publish","type":"post","link":"https:\/\/unoticias.com.mx\/index.php\/2020\/12\/05\/ejecutan-a-jovenes-en-pleno-centro-de-zihuatanejo\/","title":{"rendered":"EJECUTAN A JOVENES EN PLENO CENTRO DE ZIHUATANEJO"},"content":{"rendered":"\n<p>EJECUTAN A JOVENES EN PLENO CENTRO DE ZIHUATANEJO<\/p>\n\n\n\n<p>Zihuatanejo, Gro., Ejecutan a balazos a dos personas en el interior del mercado Benito Ju\u00e1rez en pleno Centro de Zihuatanejo.<\/p>\n\n\n\n<p>De acuerdo al reporte policial, hechos se registraron aproximadamente a la 17:00 horas de este viernes, se\u00f1alan que sujetos armados dispararon en m\u00faltiples ocasiones en contra de dos personas que se encontraban dentro de las inmediaciones del mercado Benito Ju\u00e1rez ubicado pleno centro de Zihuatanejo a un costado de Modatelas.<\/p>\n\n\n\n<p>El \u00e1rea fue acordonada por elementos de la Polic\u00eda Estatal, Polic\u00eda Municipal y Guardia nacional a la espera de el personal de la fiscal\u00eda del Estado quienes realizaron las diligencias correspondientes y posteriormente ordenaron el traslado de los cuerpos a la SEMEFO municipal.<\/p>\n\n\n\n<p>Cabe mencionar que en los primeros d\u00edas de este mes de diciembre los hechos de violencia han aumentado a pesar de que el presidente municipal Jorge S\u00e1nchez Allec manifest\u00f3 en una reciente entrevista que su gobierno hab\u00eda podido acabar con la violencia en el municipio, sin embargo el municipio de Zihuatanejo se posiciona como el segundo municipio m\u00e1s violento en el 2020 a nivel estatal.<\/p>\n","protected":false},"excerpt":{"rendered":"<p>EJECUTAN A JOVENES EN PLENO CENTRO DE ZIHUATANEJO Zihuatanejo, Gro., Ejecutan a balazos a dos personas en el interior del mercado Benito Ju\u00e1rez en pleno Centro de Zihuatanejo. De acuerdo &hellip; <a href=\"https:\/\/unoticias.com.mx\/index.php\/2020\/12\/05\/ejecutan-a-jovenes-en-pleno-centro-de-zihuatanejo\/\" class=\"more-link\">Leer m\u00e1s<\/a><\/p>\n","protected":false},"author":1,"featured_media":6582,"comment_status":"open","ping_status":"open","sticky":false,"template":"","format":"standard","meta":{"spay_email":"","footnotes":"","jetpack_publicize_message":"","jetpack_is_tweetstorm":false,"jetpack_publicize_feature_enabled":true},"categories":[15],"tags":[],"class_list":["post-6581","post","type-post","status-publish","format-standard","has-post-thumbnail","hentry","category-local-news","entry"],"jetpack_featured_media_url":"https:\/\/unoticias.com.mx\/wp-content\/uploads\/2020\/12\/LogoLicious_20201205_112437.jpg","jetpack_publicize_connections":[],"jetpack_sharing_enabled":true,"jetpack_likes_enabled":true,"_links":{"self":[{"href":"https:\/\/unoticias.com.mx\/index.php\/wp-json\/wp\/v2\/posts\/6581","targetHints":{"allow":["GET"]}}],"collection":[{"href":"https:\/\/unoticias.com.mx\/index.php\/wp-json\/wp\/v2\/posts"}],"about":[{"href":"https:\/\/unoticias.com.mx\/index.php\/wp-json\/wp\/v2\/types\/post"}],"author":[{"embeddable":true,"href":"https:\/\/unoticias.com.mx\/index.php\/wp-json\/wp\/v2\/users\/1"}],"replies":[{"embeddable":true,"href":"https:\/\/unoticias.com.mx\/index.php\/wp-json\/wp\/v2\/comments?post=6581"}],"version-history":[{"count":1,"href":"https:\/\/unoticias.com.mx\/index.php\/wp-json\/wp\/v2\/posts\/6581\/revisions"}],"predecessor-version":[{"id":6583,"href":"https:\/\/unoticias.com.mx\/index.php\/wp-json\/wp\/v2\/posts\/6581\/revisions\/6583"}],"wp:featuredmedia":[{"embeddable":true,"href":"https:\/\/unoticias.com.mx\/index.php\/wp-json\/wp\/v2\/media\/6582"}],"wp:attachment":[{"href":"https:\/\/unoticias.com.mx\/index.php\/wp-json\/wp\/v2\/media?parent=6581"}],"wp:term":[{"taxonomy":"category","embeddable":true,"href":"https:\/\/unoticias.com.mx\/index.php\/wp-json\/wp\/v2\/categories?post=6581"},{"taxonomy":"post_tag","embeddable":true,"href":"https:\/\/unoticias.com.mx\/index.php\/wp-json\/wp\/v2\/tags?post=6581"}],"curies":[{"name":"wp","href":"https:\/\/api.w.org\/{rel}","templated":true}]}}