{"id":6690,"date":"2020-12-11T19:10:35","date_gmt":"2020-12-11T19:10:35","guid":{"rendered":"https:\/\/unoticias.com.mx\/?p=6690"},"modified":"2020-12-11T19:10:35","modified_gmt":"2020-12-11T19:10:35","slug":"capturan-al-presunto-asesino-de-conocido-doctor-en-acapulco","status":"publish","type":"post","link":"https:\/\/unoticias.com.mx\/index.php\/2020\/12\/11\/capturan-al-presunto-asesino-de-conocido-doctor-en-acapulco\/","title":{"rendered":"Capturan al presunto asesino de conocido doctor en Acapulco."},"content":{"rendered":"\n<p>Capturan al presunto asesino de conocido doctor en Acapulco.<\/p>\n\n\n\n<p>Chilpancingo, Gro. 11 de diciembre de 2020.- Mediante trabajo de coordinaci\u00f3n de la Fiscal\u00eda General de Guerrero y su hom\u00f3loga de Quer\u00e9taro, la Polic\u00eda Investigadora Ministerial dio cumplimiento a la orden de aprehensi\u00f3n en contra de Alejandro &#8220;N&#8221;, al\u00edas el &#8220;Alex&#8221;, como probable responsable del delito de homicidio en agravio del Dr. Rogelio &#8220;N&#8221; en Acapulco, quien se desempe\u00f1aba como secretario de la Federaci\u00f3n de Colegios M\u00e9dicos del Estado de Guerrero.<\/p>\n\n\n\n<p>En el lugar de los hechos, fue encontrado la v\u00edctima sin vida, con lesiones por arma de fuego de casquillos percutidos calibre 9 mm, as\u00ed como no se localiz\u00f3 el veh\u00edculo propiedad tambi\u00e9n de la v\u00edctima y algunos objetos personales.<\/p>\n\n\n\n<p>En audiencia inicial, el Ministerio P\u00fablico aport\u00f3 los datos de prueba en contra del imputado y el Juez de Control y Enjuiciamiento Penal de Tabares dict\u00f3 prisi\u00f3n preventiva hasta en tanto resuelve su situaci\u00f3n jur\u00eddica, quedando interno en el Centro de Reinserci\u00f3n Social de Acapulco.<\/p>\n\n\n\n<p>La Fiscal\u00eda General del Estado, mantiene un trabajo permanente de Investigaci\u00f3n como parte de su compromiso en materia de procuraci\u00f3n de justicia, con el prop\u00f3sito de esclarecer los delitos del fuero com\u00fan que se cometen en Guerrero y continuar disminuyendo la incidencia delictiva en la entidad.<\/p>\n","protected":false},"excerpt":{"rendered":"<p>Capturan al presunto asesino de conocido doctor en Acapulco. Chilpancingo, Gro. 11 de diciembre de 2020.- Mediante trabajo de coordinaci\u00f3n de la Fiscal\u00eda General de Guerrero y su hom\u00f3loga de &hellip; <a href=\"https:\/\/unoticias.com.mx\/index.php\/2020\/12\/11\/capturan-al-presunto-asesino-de-conocido-doctor-en-acapulco\/\" class=\"more-link\">Leer m\u00e1s<\/a><\/p>\n","protected":false},"author":1,"featured_media":6692,"comment_status":"open","ping_status":"open","sticky":false,"template":"","format":"standard","meta":{"spay_email":"","footnotes":"","jetpack_publicize_message":"","jetpack_is_tweetstorm":false,"jetpack_publicize_feature_enabled":true},"categories":[6],"tags":[],"class_list":["post-6690","post","type-post","status-publish","format-standard","has-post-thumbnail","hentry","category-asia","entry"],"jetpack_featured_media_url":"https:\/\/unoticias.com.mx\/wp-content\/uploads\/2020\/12\/IMG_20201211_130934_835.jpg","jetpack_publicize_connections":[],"jetpack_sharing_enabled":true,"jetpack_likes_enabled":true,"_links":{"self":[{"href":"https:\/\/unoticias.com.mx\/index.php\/wp-json\/wp\/v2\/posts\/6690","targetHints":{"allow":["GET"]}}],"collection":[{"href":"https:\/\/unoticias.com.mx\/index.php\/wp-json\/wp\/v2\/posts"}],"about":[{"href":"https:\/\/unoticias.com.mx\/index.php\/wp-json\/wp\/v2\/types\/post"}],"author":[{"embeddable":true,"href":"https:\/\/unoticias.com.mx\/index.php\/wp-json\/wp\/v2\/users\/1"}],"replies":[{"embeddable":true,"href":"https:\/\/unoticias.com.mx\/index.php\/wp-json\/wp\/v2\/comments?post=6690"}],"version-history":[{"count":1,"href":"https:\/\/unoticias.com.mx\/index.php\/wp-json\/wp\/v2\/posts\/6690\/revisions"}],"predecessor-version":[{"id":6693,"href":"https:\/\/unoticias.com.mx\/index.php\/wp-json\/wp\/v2\/posts\/6690\/revisions\/6693"}],"wp:featuredmedia":[{"embeddable":true,"href":"https:\/\/unoticias.com.mx\/index.php\/wp-json\/wp\/v2\/media\/6692"}],"wp:attachment":[{"href":"https:\/\/unoticias.com.mx\/index.php\/wp-json\/wp\/v2\/media?parent=6690"}],"wp:term":[{"taxonomy":"category","embeddable":true,"href":"https:\/\/unoticias.com.mx\/index.php\/wp-json\/wp\/v2\/categories?post=6690"},{"taxonomy":"post_tag","embeddable":true,"href":"https:\/\/unoticias.com.mx\/index.php\/wp-json\/wp\/v2\/tags?post=6690"}],"curies":[{"name":"wp","href":"https:\/\/api.w.org\/{rel}","templated":true}]}}