{"id":6694,"date":"2020-12-11T20:17:16","date_gmt":"2020-12-11T20:17:16","guid":{"rendered":"https:\/\/unoticias.com.mx\/?p=6694"},"modified":"2020-12-11T20:17:16","modified_gmt":"2020-12-11T20:17:16","slug":"a-la-carcel-extorsionadores-y-secuestradores-de-metlatonoc-region-de-la-montana-de-guerrero","status":"publish","type":"post","link":"https:\/\/unoticias.com.mx\/index.php\/2020\/12\/11\/a-la-carcel-extorsionadores-y-secuestradores-de-metlatonoc-region-de-la-montana-de-guerrero\/","title":{"rendered":"A la c\u00e1rcel extorsionadores y secuestradores de metlat\u00f3noc regi\u00f3n de la monta\u00f1a de Guerrero"},"content":{"rendered":"\n<p>A la c\u00e1rcel extorsionadores y secuestradores de metlat\u00f3noc regi\u00f3n de la monta\u00f1a de Guerrero.<\/p>\n\n\n\n<p>Chilpancingo, Gro. 10 de diciembre de 2020.- La Fiscal\u00eda General del Estado informa que \u00c1ngel &#8220;N&#8221; y Felipe &#8220;N&#8221; fueron vinculados a proceso como probables responsables del delito de privaci\u00f3n de la libertad personal agravada de la se\u00f1ora Irma &#8220;N&#8221;, en el municipio de Metlat\u00f3noc, regi\u00f3n Monta\u00f1a.<\/p>\n\n\n\n<p>De acuerdo a la declaraci\u00f3n de la v\u00edctima su hijastro \u00c1ngel &#8220;N&#8221; pretende despojarla de su vivienda donde habita con sus hijas menores, por tal razon la privaron de su libertad al no acceder a entregar su casa en el municipio de Metlat\u00f3noc.<\/p>\n\n\n\n<p>En audiencia el Juez de Control y Enjuiciamiento Penal dict\u00f3 la vinculaci\u00f3n a proceso en contra de los imputados por privaci\u00f3n de la libertad personal agravada, otorgando cuatro meses de investigaci\u00f3n complementaria.<\/p>\n\n\n\n<p>La Fiscal\u00eda General del Estado continuar\u00e1 el trabajo permanente en materia de procuraci\u00f3n de justicia, privilegiado en todo momento la integridad y protecci\u00f3n de mujeres, ni\u00f1as, ni\u00f1os y adolescentes en Guerrero.<\/p>\n","protected":false},"excerpt":{"rendered":"<p>A la c\u00e1rcel extorsionadores y secuestradores de metlat\u00f3noc regi\u00f3n de la monta\u00f1a de Guerrero. Chilpancingo, Gro. 10 de diciembre de 2020.- La Fiscal\u00eda General del Estado informa que \u00c1ngel &#8220;N&#8221; &hellip; <a href=\"https:\/\/unoticias.com.mx\/index.php\/2020\/12\/11\/a-la-carcel-extorsionadores-y-secuestradores-de-metlatonoc-region-de-la-montana-de-guerrero\/\" class=\"more-link\">Leer m\u00e1s<\/a><\/p>\n","protected":false},"author":1,"featured_media":6695,"comment_status":"open","ping_status":"open","sticky":false,"template":"","format":"standard","meta":{"spay_email":"","footnotes":"","jetpack_publicize_message":"","jetpack_is_tweetstorm":false,"jetpack_publicize_feature_enabled":true},"categories":[6],"tags":[],"class_list":["post-6694","post","type-post","status-publish","format-standard","has-post-thumbnail","hentry","category-asia","entry"],"jetpack_featured_media_url":"https:\/\/unoticias.com.mx\/wp-content\/uploads\/2020\/12\/IMG_20201211_141549_079.jpg","jetpack_publicize_connections":[],"jetpack_sharing_enabled":true,"jetpack_likes_enabled":true,"_links":{"self":[{"href":"https:\/\/unoticias.com.mx\/index.php\/wp-json\/wp\/v2\/posts\/6694","targetHints":{"allow":["GET"]}}],"collection":[{"href":"https:\/\/unoticias.com.mx\/index.php\/wp-json\/wp\/v2\/posts"}],"about":[{"href":"https:\/\/unoticias.com.mx\/index.php\/wp-json\/wp\/v2\/types\/post"}],"author":[{"embeddable":true,"href":"https:\/\/unoticias.com.mx\/index.php\/wp-json\/wp\/v2\/users\/1"}],"replies":[{"embeddable":true,"href":"https:\/\/unoticias.com.mx\/index.php\/wp-json\/wp\/v2\/comments?post=6694"}],"version-history":[{"count":1,"href":"https:\/\/unoticias.com.mx\/index.php\/wp-json\/wp\/v2\/posts\/6694\/revisions"}],"predecessor-version":[{"id":6696,"href":"https:\/\/unoticias.com.mx\/index.php\/wp-json\/wp\/v2\/posts\/6694\/revisions\/6696"}],"wp:featuredmedia":[{"embeddable":true,"href":"https:\/\/unoticias.com.mx\/index.php\/wp-json\/wp\/v2\/media\/6695"}],"wp:attachment":[{"href":"https:\/\/unoticias.com.mx\/index.php\/wp-json\/wp\/v2\/media?parent=6694"}],"wp:term":[{"taxonomy":"category","embeddable":true,"href":"https:\/\/unoticias.com.mx\/index.php\/wp-json\/wp\/v2\/categories?post=6694"},{"taxonomy":"post_tag","embeddable":true,"href":"https:\/\/unoticias.com.mx\/index.php\/wp-json\/wp\/v2\/tags?post=6694"}],"curies":[{"name":"wp","href":"https:\/\/api.w.org\/{rel}","templated":true}]}}