{"id":6697,"date":"2020-12-11T22:51:33","date_gmt":"2020-12-11T22:51:33","guid":{"rendered":"https:\/\/unoticias.com.mx\/?p=6697"},"modified":"2020-12-11T22:51:33","modified_gmt":"2020-12-11T22:51:33","slug":"en-prision-acusado-de-abusar-sexualmente-de-una-menor-en-huejotzingo","status":"publish","type":"post","link":"https:\/\/unoticias.com.mx\/index.php\/2020\/12\/11\/en-prision-acusado-de-abusar-sexualmente-de-una-menor-en-huejotzingo\/","title":{"rendered":"En prisi\u00f3n acusado de abusar sexualmente de una menor en Huejotzingo."},"content":{"rendered":"\n<p>En prisi\u00f3n acusado de abusar sexualmente de una menor en Huejotzingo.<\/p>\n\n\n\n<p>La Fiscal\u00eda General del Estado de Puebla logr\u00f3 obtener la vinculaci\u00f3n a proceso de Rigoberto N. de 36 a\u00f1os de edad, presunto responsable del delito de abuso sexual en agravio de una adolescente.<\/p>\n\n\n\n<p>Los hechos ocurrieron el 4 de diciembre de 2020 cuando el acusado ingres\u00f3 de manera il\u00edcita a una vivienda de la junta auxiliar de San Miguel Tianguizolco, Huejotzingo.<\/p>\n\n\n\n<p>Al parecer bajo los efectos de estupefacientes Rigoberto N., realiz\u00f3 tocamientos a una menor de 12 a\u00f1os de edad que estaba sola en el domicilio. El imputado fue detenido por elementos de la Polic\u00eda Municipal y puesto a disposici\u00f3n del Agente del Ministerio P\u00fablico.<\/p>\n\n\n\n<p>Durante audiencia, la Fiscal\u00eda Especializada en Investigaci\u00f3n de Delitos de Violencia de G\u00e9nero contra las Mujeres present\u00f3 elementos de prueba ante la autoridad judicial y obtuvo vinculaci\u00f3n a proceso con medida cautelar de prisi\u00f3n preventiva contra Rigoberto N.<\/p>\n\n\n\n<p>Rigoberto N VaP 01<\/p>\n","protected":false},"excerpt":{"rendered":"<p>En prisi\u00f3n acusado de abusar sexualmente de una menor en Huejotzingo. La Fiscal\u00eda General del Estado de Puebla logr\u00f3 obtener la vinculaci\u00f3n a proceso de Rigoberto N. de 36 a\u00f1os &hellip; <a href=\"https:\/\/unoticias.com.mx\/index.php\/2020\/12\/11\/en-prision-acusado-de-abusar-sexualmente-de-una-menor-en-huejotzingo\/\" class=\"more-link\">Leer m\u00e1s<\/a><\/p>\n","protected":false},"author":1,"featured_media":6698,"comment_status":"open","ping_status":"open","sticky":false,"template":"","format":"standard","meta":{"spay_email":"","footnotes":"","jetpack_publicize_message":"","jetpack_is_tweetstorm":false,"jetpack_publicize_feature_enabled":true},"categories":[6],"tags":[],"class_list":["post-6697","post","type-post","status-publish","format-standard","has-post-thumbnail","hentry","category-asia","entry"],"jetpack_featured_media_url":"https:\/\/unoticias.com.mx\/wp-content\/uploads\/2020\/12\/IMG_20201211_164927_749.jpg","jetpack_publicize_connections":[],"jetpack_sharing_enabled":true,"jetpack_likes_enabled":true,"_links":{"self":[{"href":"https:\/\/unoticias.com.mx\/index.php\/wp-json\/wp\/v2\/posts\/6697","targetHints":{"allow":["GET"]}}],"collection":[{"href":"https:\/\/unoticias.com.mx\/index.php\/wp-json\/wp\/v2\/posts"}],"about":[{"href":"https:\/\/unoticias.com.mx\/index.php\/wp-json\/wp\/v2\/types\/post"}],"author":[{"embeddable":true,"href":"https:\/\/unoticias.com.mx\/index.php\/wp-json\/wp\/v2\/users\/1"}],"replies":[{"embeddable":true,"href":"https:\/\/unoticias.com.mx\/index.php\/wp-json\/wp\/v2\/comments?post=6697"}],"version-history":[{"count":1,"href":"https:\/\/unoticias.com.mx\/index.php\/wp-json\/wp\/v2\/posts\/6697\/revisions"}],"predecessor-version":[{"id":6699,"href":"https:\/\/unoticias.com.mx\/index.php\/wp-json\/wp\/v2\/posts\/6697\/revisions\/6699"}],"wp:featuredmedia":[{"embeddable":true,"href":"https:\/\/unoticias.com.mx\/index.php\/wp-json\/wp\/v2\/media\/6698"}],"wp:attachment":[{"href":"https:\/\/unoticias.com.mx\/index.php\/wp-json\/wp\/v2\/media?parent=6697"}],"wp:term":[{"taxonomy":"category","embeddable":true,"href":"https:\/\/unoticias.com.mx\/index.php\/wp-json\/wp\/v2\/categories?post=6697"},{"taxonomy":"post_tag","embeddable":true,"href":"https:\/\/unoticias.com.mx\/index.php\/wp-json\/wp\/v2\/tags?post=6697"}],"curies":[{"name":"wp","href":"https:\/\/api.w.org\/{rel}","templated":true}]}}