{"id":6776,"date":"2020-12-16T06:02:22","date_gmt":"2020-12-16T06:02:22","guid":{"rendered":"https:\/\/unoticias.com.mx\/?p=6776"},"modified":"2020-12-16T06:02:22","modified_gmt":"2020-12-16T06:02:22","slug":"aguirrismo-le-hace-el-vacio-a-evodio-velazquez-en-ometepec","status":"publish","type":"post","link":"https:\/\/unoticias.com.mx\/index.php\/2020\/12\/16\/aguirrismo-le-hace-el-vacio-a-evodio-velazquez-en-ometepec\/","title":{"rendered":"*\u201dAguirrismo\u201d le hace el vac\u00edo a Evodio Vel\u00e1zquez en Ometepec."},"content":{"rendered":"\n<p>*\u201dAguirrismo\u201d le hace el vac\u00edo a Evodio Vel\u00e1zquez en Ometepec.<\/p>\n\n\n\n<p>Graciela Guevara Jim\u00e9nez \u201cChela\u201d, la se\u00f1ora que ayuda en el quehacer dom\u00e9stico en la casa de \u00c1ngel Aguirre Rivero cuando \u00e9ste visita Ometepec, es la \u201caguirrista\u201d de mayor rango que expres\u00f3 la bienvenida al precandidato a gobernador Evodio Vel\u00e1zquez Aguirre la tarde de hoy martes en el Bello Nido.<\/p>\n\n\n\n<p>Brillaron por su ausencia los ometepequenses m\u00e1s destacados del perredista Izquierda Progresista de Guerrero como Humberto Zapata A\u00f1orve y Francisco Espinoza Hilario, \u00e9ste \u00faltimo presidente de la Mesa Directiva del Consejo Municipal del PRD local, quienes p\u00fablicamente ya se encaminan al Morena.<\/p>\n\n\n\n<p>Evodio Vel\u00e1zquez Aguirre es precandidato a gobernador por el PRD, pero el pleno del perredismo ometepequense le hizo el vac\u00edo, empezando por Constantino Tapia Pel\u00e1ez, nombrado presidente de la Direcci\u00f3n Municipal Ejecutiva apenas el 23 de octubre pasado.<\/p>\n\n\n\n<p>Juan Antonio Dom\u00ednguez Benito, del mismo Consejo Municipal perredista, estuvo en el sal\u00f3n antes de la llegada de Evodio Vel\u00e1zquez, despu\u00e9s ya no se le vio ah\u00ed, s\u00f3lo continu\u00f3 Alma Delia Vargas Sandoval, tercera secretaria de la Direcci\u00f3n Municipal Ejecutiva del partido del Sol Azteca.<\/p>\n\n\n\n<p>Mediante el micr\u00f3fono fue presentada nueva presidenta de la Direcci\u00f3n Municipal Ejecutiva del PRD ometepequense Mariflor Monje Cisneros, quien consultada por Redacci\u00f3n Noticiosa dijo que fue habilitada hace una semana \u201cm\u00e1s o menos\u201d, pero no supo decir qui\u00e9n le dio el nombramiento.<\/p>\n\n\n\n<p>En el sal\u00f3n estaban acaso dos centenares de personas que no mostraban entusiasmo por la presencia del precandidato, y \u201cChela\u201d inexperta en animaci\u00f3n de grupos, insist\u00eda una y otra vez que aplaudieran a Evodio. \u201cYo tengo 40 a\u00f1os en la pol\u00edtica, y ahorita me dijeron que apoyara a este personaje que Diosito me lo mand\u00f3. Soy fiel, nunca doy la espalda, soy derecha, pase lo que pase\u201d, atin\u00f3 a decir Graciela ante un p\u00fablico indiferente.<\/p>\n\n\n\n<p>En su turno el precandidato a gobernador trat\u00f3 de entusiasmar a la concurrencia, imprimiendo vigor a sus palabras en el micr\u00f3fono.<\/p>\n\n\n\n<p>Les dijo que \u201cel gobierno del PRD y de Evodio Vel\u00e1zquez\u201d apoyar\u00e1 a los campesinos con m\u00e1s fertilizante, ayudar\u00e1 el desarrollo de los pueblos originarios, implementar\u00e1 pensi\u00f3n a los adultos mayores a partir de los 65 a\u00f1os de edad, su Administraci\u00f3n estar\u00e1 integrado mitad por mujeres, volver\u00e1 el programa de uniformes y \u00fatiles escolares gratuitos, reformar\u00e1 la ley para obligar a empresas a contratar a j\u00f3venes para su capacitaci\u00f3n en un empleo, entre muchos beneficios si es gobernador de Guerrero con la ayuda de Dios y la gente, dijo.<\/p>\n\n\n\n<p>El evento que hab\u00eda iniciado a las 17.50 horas, concluy\u00f3 40 minutos despu\u00e9s, con un presidium integrado por gente de otros municipios, porque los de Ometepec le hicieron el vac\u00edo.<\/p>\n","protected":false},"excerpt":{"rendered":"<p>*\u201dAguirrismo\u201d le hace el vac\u00edo a Evodio Vel\u00e1zquez en Ometepec. Graciela Guevara Jim\u00e9nez \u201cChela\u201d, la se\u00f1ora que ayuda en el quehacer dom\u00e9stico en la casa de \u00c1ngel Aguirre Rivero cuando &hellip; <a href=\"https:\/\/unoticias.com.mx\/index.php\/2020\/12\/16\/aguirrismo-le-hace-el-vacio-a-evodio-velazquez-en-ometepec\/\" class=\"more-link\">Leer m\u00e1s<\/a><\/p>\n","protected":false},"author":1,"featured_media":6777,"comment_status":"open","ping_status":"open","sticky":false,"template":"","format":"standard","meta":{"spay_email":"","footnotes":"","jetpack_publicize_message":"","jetpack_is_tweetstorm":false,"jetpack_publicize_feature_enabled":true},"categories":[15],"tags":[],"class_list":["post-6776","post","type-post","status-publish","format-standard","has-post-thumbnail","hentry","category-local-news","entry"],"jetpack_featured_media_url":"https:\/\/unoticias.com.mx\/wp-content\/uploads\/2020\/12\/IMG_20201216_000123_500.jpg","jetpack_publicize_connections":[],"jetpack_sharing_enabled":true,"jetpack_likes_enabled":true,"_links":{"self":[{"href":"https:\/\/unoticias.com.mx\/index.php\/wp-json\/wp\/v2\/posts\/6776","targetHints":{"allow":["GET"]}}],"collection":[{"href":"https:\/\/unoticias.com.mx\/index.php\/wp-json\/wp\/v2\/posts"}],"about":[{"href":"https:\/\/unoticias.com.mx\/index.php\/wp-json\/wp\/v2\/types\/post"}],"author":[{"embeddable":true,"href":"https:\/\/unoticias.com.mx\/index.php\/wp-json\/wp\/v2\/users\/1"}],"replies":[{"embeddable":true,"href":"https:\/\/unoticias.com.mx\/index.php\/wp-json\/wp\/v2\/comments?post=6776"}],"version-history":[{"count":1,"href":"https:\/\/unoticias.com.mx\/index.php\/wp-json\/wp\/v2\/posts\/6776\/revisions"}],"predecessor-version":[{"id":6778,"href":"https:\/\/unoticias.com.mx\/index.php\/wp-json\/wp\/v2\/posts\/6776\/revisions\/6778"}],"wp:featuredmedia":[{"embeddable":true,"href":"https:\/\/unoticias.com.mx\/index.php\/wp-json\/wp\/v2\/media\/6777"}],"wp:attachment":[{"href":"https:\/\/unoticias.com.mx\/index.php\/wp-json\/wp\/v2\/media?parent=6776"}],"wp:term":[{"taxonomy":"category","embeddable":true,"href":"https:\/\/unoticias.com.mx\/index.php\/wp-json\/wp\/v2\/categories?post=6776"},{"taxonomy":"post_tag","embeddable":true,"href":"https:\/\/unoticias.com.mx\/index.php\/wp-json\/wp\/v2\/tags?post=6776"}],"curies":[{"name":"wp","href":"https:\/\/api.w.org\/{rel}","templated":true}]}}