{"id":6793,"date":"2020-12-17T02:55:47","date_gmt":"2020-12-17T02:55:47","guid":{"rendered":"https:\/\/unoticias.com.mx\/?p=6793"},"modified":"2020-12-17T02:55:47","modified_gmt":"2020-12-17T02:55:47","slug":"exalcalde-de-iguala-enfrenta-proceso-por-delincuencia-organizada-y-operaciones-con-recursos-de-procedencia-ilicita","status":"publish","type":"post","link":"https:\/\/unoticias.com.mx\/index.php\/2020\/12\/17\/exalcalde-de-iguala-enfrenta-proceso-por-delincuencia-organizada-y-operaciones-con-recursos-de-procedencia-ilicita\/","title":{"rendered":"Exalcalde de Iguala enfrenta proceso por delincuencia organizada y operaciones con recursos de procedencia il\u00edcita."},"content":{"rendered":"\n<p>Exalcalde de Iguala enfrenta proceso por delincuencia organizada y operaciones con recursos de procedencia il\u00edcita.<\/p>\n\n\n\n<p>Este mi\u00e9rcoles, un juez federal dict\u00f3 formal prisi\u00f3n a Jos\u00e9 Luis Abarca, exalcalde de Iguala, Guerrero.<br>El exalcalde enfrenta un proceso por los delitos de delincuencia organizada y operaciones con recursos de procedencia il\u00edcita.<br>El juez Tercero de Distrito de Procesos Penales Federales en el Estado de M\u00e9xico, Enrique V\u00e1zquez P\u00e9rez, resolvi\u00f3 esto tras la reposici\u00f3n del procedimiento.<br>El juez abri\u00f3 un nuevo plazo constitucional y tom\u00f3 nuevamente la declaraci\u00f3n preparatoria de Abarca quien se mantiene recluido en el penal de m\u00e1xima seguridad del Altiplano.<br>Previamente, un Tribunal Federal dej\u00f3 sin efecto el auto de formal prisi\u00f3n dictado contra el expresidente municipal de #Iguala, #Guerrero, Jos\u00e9 Luis Abarca.<br>El exalcalde est\u00e1 vinculado con el Caso #Ayotzinapa, y se ha se\u00f1alado como el presunto autor intelectual de la desaparici\u00f3n de los normalistas.<\/p>\n","protected":false},"excerpt":{"rendered":"<p>Exalcalde de Iguala enfrenta proceso por delincuencia organizada y operaciones con recursos de procedencia il\u00edcita. Este mi\u00e9rcoles, un juez federal dict\u00f3 formal prisi\u00f3n a Jos\u00e9 Luis Abarca, exalcalde de Iguala, &hellip; <a href=\"https:\/\/unoticias.com.mx\/index.php\/2020\/12\/17\/exalcalde-de-iguala-enfrenta-proceso-por-delincuencia-organizada-y-operaciones-con-recursos-de-procedencia-ilicita\/\" class=\"more-link\">Leer m\u00e1s<\/a><\/p>\n","protected":false},"author":1,"featured_media":6794,"comment_status":"open","ping_status":"open","sticky":false,"template":"","format":"standard","meta":{"spay_email":"","footnotes":"","jetpack_publicize_message":"","jetpack_is_tweetstorm":false,"jetpack_publicize_feature_enabled":true},"categories":[15],"tags":[],"class_list":["post-6793","post","type-post","status-publish","format-standard","has-post-thumbnail","hentry","category-local-news","entry"],"jetpack_featured_media_url":"https:\/\/unoticias.com.mx\/wp-content\/uploads\/2020\/12\/IMG_20201216_205440_864.jpg","jetpack_publicize_connections":[],"jetpack_sharing_enabled":true,"jetpack_likes_enabled":true,"_links":{"self":[{"href":"https:\/\/unoticias.com.mx\/index.php\/wp-json\/wp\/v2\/posts\/6793","targetHints":{"allow":["GET"]}}],"collection":[{"href":"https:\/\/unoticias.com.mx\/index.php\/wp-json\/wp\/v2\/posts"}],"about":[{"href":"https:\/\/unoticias.com.mx\/index.php\/wp-json\/wp\/v2\/types\/post"}],"author":[{"embeddable":true,"href":"https:\/\/unoticias.com.mx\/index.php\/wp-json\/wp\/v2\/users\/1"}],"replies":[{"embeddable":true,"href":"https:\/\/unoticias.com.mx\/index.php\/wp-json\/wp\/v2\/comments?post=6793"}],"version-history":[{"count":1,"href":"https:\/\/unoticias.com.mx\/index.php\/wp-json\/wp\/v2\/posts\/6793\/revisions"}],"predecessor-version":[{"id":6795,"href":"https:\/\/unoticias.com.mx\/index.php\/wp-json\/wp\/v2\/posts\/6793\/revisions\/6795"}],"wp:featuredmedia":[{"embeddable":true,"href":"https:\/\/unoticias.com.mx\/index.php\/wp-json\/wp\/v2\/media\/6794"}],"wp:attachment":[{"href":"https:\/\/unoticias.com.mx\/index.php\/wp-json\/wp\/v2\/media?parent=6793"}],"wp:term":[{"taxonomy":"category","embeddable":true,"href":"https:\/\/unoticias.com.mx\/index.php\/wp-json\/wp\/v2\/categories?post=6793"},{"taxonomy":"post_tag","embeddable":true,"href":"https:\/\/unoticias.com.mx\/index.php\/wp-json\/wp\/v2\/tags?post=6793"}],"curies":[{"name":"wp","href":"https:\/\/api.w.org\/{rel}","templated":true}]}}