{"id":6907,"date":"2020-12-23T02:23:52","date_gmt":"2020-12-23T02:23:52","guid":{"rendered":"https:\/\/unoticias.com.mx\/?p=6907"},"modified":"2020-12-23T02:23:52","modified_gmt":"2020-12-23T02:23:52","slug":"capturan-a-presuntos-secuestradores-de-zihuatanejo","status":"publish","type":"post","link":"https:\/\/unoticias.com.mx\/index.php\/2020\/12\/23\/capturan-a-presuntos-secuestradores-de-zihuatanejo\/","title":{"rendered":"Capturan a presuntos secuestradores de Zihuatanejo."},"content":{"rendered":"\n<p>Capturan a presuntos secuestradores de Zihuatanejo.<\/p>\n\n\n\n<p>Chilpancingo, Gro. 22 de diciembre de 2020.- El Ministerio P\u00fablico adscrito al Distrito Judicial de Azueta logr\u00f3 prisi\u00f3n preventiva oficiosa en contra de Juan Manuel &#8220;N&#8221; y Cornelio &#8220;N&#8221;, acusados de ser probables responsables del delito de secuestro agravado en Zihuatanejo.<\/p>\n\n\n\n<p>De acuerdo a la carpeta judicial 207\/2020 con fecha 3 de julio de 2020, la v\u00edctima se encontraba ejercit\u00e1ndose en el poblado El Coacoyul, municipio de Zihuatanejo de Azueta, cuando llegaron personas armadas para llev\u00e1rselo a una casa de seguridad y exigir un pago monetario por su liberaci\u00f3n.<\/p>\n\n\n\n<p>Con fecha 21 de diciembre agentes de la Fiscal\u00eda Especializada Contra el Secuestro dio cumplimiento a la orden de aprehensi\u00f3n en contra de los imputados, quedando los detenidos ante el Juez de Control y en audiencia les dict\u00f3 la medida cautelar de prisi\u00f3n preventiva oficiosa; mismo que resolver\u00e1 en los pr\u00f3ximos d\u00edas su situaci\u00f3n jur\u00eddica, quedando internos en el Centro de Reinserci\u00f3n Social de Zihuatanejo, Guerrero.<\/p>\n","protected":false},"excerpt":{"rendered":"<p>Capturan a presuntos secuestradores de Zihuatanejo. Chilpancingo, Gro. 22 de diciembre de 2020.- El Ministerio P\u00fablico adscrito al Distrito Judicial de Azueta logr\u00f3 prisi\u00f3n preventiva oficiosa en contra de Juan &hellip; <a href=\"https:\/\/unoticias.com.mx\/index.php\/2020\/12\/23\/capturan-a-presuntos-secuestradores-de-zihuatanejo\/\" class=\"more-link\">Leer m\u00e1s<\/a><\/p>\n","protected":false},"author":1,"featured_media":6908,"comment_status":"open","ping_status":"open","sticky":false,"template":"","format":"standard","meta":{"spay_email":"","footnotes":"","jetpack_publicize_message":"","jetpack_is_tweetstorm":false,"jetpack_publicize_feature_enabled":true},"categories":[6],"tags":[],"class_list":["post-6907","post","type-post","status-publish","format-standard","has-post-thumbnail","hentry","category-asia","entry"],"jetpack_featured_media_url":"https:\/\/unoticias.com.mx\/wp-content\/uploads\/2020\/12\/IMG_20201222_202228_253.jpg","jetpack_publicize_connections":[],"jetpack_sharing_enabled":true,"jetpack_likes_enabled":true,"_links":{"self":[{"href":"https:\/\/unoticias.com.mx\/index.php\/wp-json\/wp\/v2\/posts\/6907","targetHints":{"allow":["GET"]}}],"collection":[{"href":"https:\/\/unoticias.com.mx\/index.php\/wp-json\/wp\/v2\/posts"}],"about":[{"href":"https:\/\/unoticias.com.mx\/index.php\/wp-json\/wp\/v2\/types\/post"}],"author":[{"embeddable":true,"href":"https:\/\/unoticias.com.mx\/index.php\/wp-json\/wp\/v2\/users\/1"}],"replies":[{"embeddable":true,"href":"https:\/\/unoticias.com.mx\/index.php\/wp-json\/wp\/v2\/comments?post=6907"}],"version-history":[{"count":1,"href":"https:\/\/unoticias.com.mx\/index.php\/wp-json\/wp\/v2\/posts\/6907\/revisions"}],"predecessor-version":[{"id":6909,"href":"https:\/\/unoticias.com.mx\/index.php\/wp-json\/wp\/v2\/posts\/6907\/revisions\/6909"}],"wp:featuredmedia":[{"embeddable":true,"href":"https:\/\/unoticias.com.mx\/index.php\/wp-json\/wp\/v2\/media\/6908"}],"wp:attachment":[{"href":"https:\/\/unoticias.com.mx\/index.php\/wp-json\/wp\/v2\/media?parent=6907"}],"wp:term":[{"taxonomy":"category","embeddable":true,"href":"https:\/\/unoticias.com.mx\/index.php\/wp-json\/wp\/v2\/categories?post=6907"},{"taxonomy":"post_tag","embeddable":true,"href":"https:\/\/unoticias.com.mx\/index.php\/wp-json\/wp\/v2\/tags?post=6907"}],"curies":[{"name":"wp","href":"https:\/\/api.w.org\/{rel}","templated":true}]}}