{"id":6986,"date":"2020-12-25T23:12:25","date_gmt":"2020-12-25T23:12:25","guid":{"rendered":"https:\/\/unoticias.com.mx\/?p=6986"},"modified":"2020-12-25T23:12:25","modified_gmt":"2020-12-25T23:12:25","slug":"2-mil-pesos-de-multa-por-no-usar-cubrebocas-en-combis","status":"publish","type":"post","link":"https:\/\/unoticias.com.mx\/index.php\/2020\/12\/25\/2-mil-pesos-de-multa-por-no-usar-cubrebocas-en-combis\/","title":{"rendered":"2 mil pesos de multa por no usar cubrebocas en combis."},"content":{"rendered":"\n<p>2 mil pesos de multa por no usar cubrebocas en combis.<\/p>\n\n\n\n<p>HANS PALACIOS<\/p>\n\n\n\n<p>TLAXCALA, TLAX. N\u00e9stor Flores Hern\u00e1ndez, titular de la Comisi\u00f3n Estatal para la Protecci\u00f3n Contra Riesgos Sanitarios del Estado de Tlaxcala (Coeprist) anunci\u00f3 que se endurecer\u00e1n las medidas sanitarias en el transporte p\u00fablico debido al aumento de contagios del virus SARS-CoV-2 que produce la enfermedad COVID-19.<br>Flores Hern\u00e1ndez inform\u00f3 que las sanciones ser\u00e1n para los choferes que no cumplan con esas medidas sanitarias, como lo es el uso del cubrebocas, contar con gel antibacterial y mantener la sana distancia entre sus pasajeros.<br>Ser\u00e1 a trav\u00e9s de operativos que ya se han implementado en varios puntos de la entidad tlaxcalteca, en d\u00f3nde personal de la Secretaria de Comunicaciones y Transportes del Estado (Secte) se encargar\u00e1 de revisar que \u00e9stas medidas se cumplan al interior de los servicios colectivos.<br>Las sanciones a las que ser\u00e1n acreedores, van desde una multa de 23 d\u00edas de salario m\u00ednimo, lo que representar\u00eda hasta dos mil 800 pesos para los conductores.<br>El exhorto es que los choferes mantengan estas medidas e informen a sus pasajeros que tambi\u00e9n las respeten ya que de no hacerlo, \u00e9l ser\u00e1 el responsable. @Ultimas www.unoticias.com.mx<\/p>\n","protected":false},"excerpt":{"rendered":"<p>2 mil pesos de multa por no usar cubrebocas en combis. HANS PALACIOS TLAXCALA, TLAX. N\u00e9stor Flores Hern\u00e1ndez, titular de la Comisi\u00f3n Estatal para la Protecci\u00f3n Contra Riesgos Sanitarios del &hellip; <a href=\"https:\/\/unoticias.com.mx\/index.php\/2020\/12\/25\/2-mil-pesos-de-multa-por-no-usar-cubrebocas-en-combis\/\" class=\"more-link\">Leer m\u00e1s<\/a><\/p>\n","protected":false},"author":1,"featured_media":6987,"comment_status":"open","ping_status":"open","sticky":false,"template":"","format":"standard","meta":{"spay_email":"","footnotes":"","jetpack_publicize_message":"","jetpack_is_tweetstorm":false,"jetpack_publicize_feature_enabled":true},"categories":[15],"tags":[],"class_list":["post-6986","post","type-post","status-publish","format-standard","has-post-thumbnail","hentry","category-local-news","entry"],"jetpack_featured_media_url":"https:\/\/unoticias.com.mx\/wp-content\/uploads\/2020\/12\/IMG_20201225_170743_223.jpg","jetpack_publicize_connections":[],"jetpack_sharing_enabled":true,"jetpack_likes_enabled":true,"_links":{"self":[{"href":"https:\/\/unoticias.com.mx\/index.php\/wp-json\/wp\/v2\/posts\/6986","targetHints":{"allow":["GET"]}}],"collection":[{"href":"https:\/\/unoticias.com.mx\/index.php\/wp-json\/wp\/v2\/posts"}],"about":[{"href":"https:\/\/unoticias.com.mx\/index.php\/wp-json\/wp\/v2\/types\/post"}],"author":[{"embeddable":true,"href":"https:\/\/unoticias.com.mx\/index.php\/wp-json\/wp\/v2\/users\/1"}],"replies":[{"embeddable":true,"href":"https:\/\/unoticias.com.mx\/index.php\/wp-json\/wp\/v2\/comments?post=6986"}],"version-history":[{"count":1,"href":"https:\/\/unoticias.com.mx\/index.php\/wp-json\/wp\/v2\/posts\/6986\/revisions"}],"predecessor-version":[{"id":6988,"href":"https:\/\/unoticias.com.mx\/index.php\/wp-json\/wp\/v2\/posts\/6986\/revisions\/6988"}],"wp:featuredmedia":[{"embeddable":true,"href":"https:\/\/unoticias.com.mx\/index.php\/wp-json\/wp\/v2\/media\/6987"}],"wp:attachment":[{"href":"https:\/\/unoticias.com.mx\/index.php\/wp-json\/wp\/v2\/media?parent=6986"}],"wp:term":[{"taxonomy":"category","embeddable":true,"href":"https:\/\/unoticias.com.mx\/index.php\/wp-json\/wp\/v2\/categories?post=6986"},{"taxonomy":"post_tag","embeddable":true,"href":"https:\/\/unoticias.com.mx\/index.php\/wp-json\/wp\/v2\/tags?post=6986"}],"curies":[{"name":"wp","href":"https:\/\/api.w.org\/{rel}","templated":true}]}}