{"id":7063,"date":"2020-12-28T04:32:52","date_gmt":"2020-12-28T04:32:52","guid":{"rendered":"https:\/\/unoticias.com.mx\/?p=7063"},"modified":"2020-12-28T04:32:52","modified_gmt":"2020-12-28T04:32:52","slug":"el-gobierno-de-tlapa-logra-mutuo-acuerdo-para-el-cierre-de-feria-decembrina","status":"publish","type":"post","link":"https:\/\/unoticias.com.mx\/index.php\/2020\/12\/28\/el-gobierno-de-tlapa-logra-mutuo-acuerdo-para-el-cierre-de-feria-decembrina\/","title":{"rendered":"EL GOBIERNO DE TLAPA LOGRA MUTUO ACUERDO PARA EL CIERRE DE FERIA DECEMBRINA."},"content":{"rendered":"\n<p>EL GOBIERNO DE TLAPA LOGRA MUTUO ACUERDO PARA EL CIERRE DE FERIA DECEMBRINA.<\/p>\n\n\n\n<p>TLAPA, GRO. Preocupado por la salud de la ciudadan\u00eda, ante la emergencia sanitaria por el COVID-19, el alcalde #DionicioPichardoGarc\u00eda, acudi\u00f3 a la Feria Decembrina con el objetivo de dialogar y concientizar a los comerciantes de manera pac\u00edfica, sin el uso de la fuerza p\u00fablica, logrando as\u00ed un mutuo acuerdo con el cierre total de dicha feria la cual no estaba autorizada por el Ayuntamiento.<\/p>\n\n\n\n<p>En su recorrido, Pichardo Garc\u00eda, platic\u00f3 con los comerciantes, comprendiendo la situaci\u00f3n econ\u00f3mica por la que atraviesan, sin embargo puntualiz\u00f3 que la salud de los ciudadanos es la prioridad del gobierno; que el pr\u00f3ximo a\u00f1o los apoyar\u00e1 haciendo tianguis en colonias con la finalidad de apoyarlo, pero hoy, antes que el trabajo est\u00e1 la vida de todos. Agradeci\u00f3 su comprensi\u00f3n.<\/p>\n\n\n\n<p>De la misma manera, ante el llamado del Gobierno Federal y Estatal para salvaguardar la integridad de la ciudadan\u00eda, se contin\u00faa implementar\u00e1n operativos para prohibir fiestas, cierre de cantinas y bares. Por \u00f3rdenes superiores.<\/p>\n","protected":false},"excerpt":{"rendered":"<p>EL GOBIERNO DE TLAPA LOGRA MUTUO ACUERDO PARA EL CIERRE DE FERIA DECEMBRINA. TLAPA, GRO. Preocupado por la salud de la ciudadan\u00eda, ante la emergencia sanitaria por el COVID-19, el &hellip; <a href=\"https:\/\/unoticias.com.mx\/index.php\/2020\/12\/28\/el-gobierno-de-tlapa-logra-mutuo-acuerdo-para-el-cierre-de-feria-decembrina\/\" class=\"more-link\">Leer m\u00e1s<\/a><\/p>\n","protected":false},"author":1,"featured_media":7064,"comment_status":"open","ping_status":"open","sticky":false,"template":"","format":"standard","meta":{"spay_email":"","footnotes":"","jetpack_publicize_message":"","jetpack_is_tweetstorm":false,"jetpack_publicize_feature_enabled":true},"categories":[15],"tags":[],"class_list":["post-7063","post","type-post","status-publish","format-standard","has-post-thumbnail","hentry","category-local-news","entry"],"jetpack_featured_media_url":"https:\/\/unoticias.com.mx\/wp-content\/uploads\/2020\/12\/IMG_20201227_223021_641.jpg","jetpack_publicize_connections":[],"jetpack_sharing_enabled":true,"jetpack_likes_enabled":true,"_links":{"self":[{"href":"https:\/\/unoticias.com.mx\/index.php\/wp-json\/wp\/v2\/posts\/7063","targetHints":{"allow":["GET"]}}],"collection":[{"href":"https:\/\/unoticias.com.mx\/index.php\/wp-json\/wp\/v2\/posts"}],"about":[{"href":"https:\/\/unoticias.com.mx\/index.php\/wp-json\/wp\/v2\/types\/post"}],"author":[{"embeddable":true,"href":"https:\/\/unoticias.com.mx\/index.php\/wp-json\/wp\/v2\/users\/1"}],"replies":[{"embeddable":true,"href":"https:\/\/unoticias.com.mx\/index.php\/wp-json\/wp\/v2\/comments?post=7063"}],"version-history":[{"count":1,"href":"https:\/\/unoticias.com.mx\/index.php\/wp-json\/wp\/v2\/posts\/7063\/revisions"}],"predecessor-version":[{"id":7065,"href":"https:\/\/unoticias.com.mx\/index.php\/wp-json\/wp\/v2\/posts\/7063\/revisions\/7065"}],"wp:featuredmedia":[{"embeddable":true,"href":"https:\/\/unoticias.com.mx\/index.php\/wp-json\/wp\/v2\/media\/7064"}],"wp:attachment":[{"href":"https:\/\/unoticias.com.mx\/index.php\/wp-json\/wp\/v2\/media?parent=7063"}],"wp:term":[{"taxonomy":"category","embeddable":true,"href":"https:\/\/unoticias.com.mx\/index.php\/wp-json\/wp\/v2\/categories?post=7063"},{"taxonomy":"post_tag","embeddable":true,"href":"https:\/\/unoticias.com.mx\/index.php\/wp-json\/wp\/v2\/tags?post=7063"}],"curies":[{"name":"wp","href":"https:\/\/api.w.org\/{rel}","templated":true}]}}