{"id":7099,"date":"2020-12-30T00:11:29","date_gmt":"2020-12-30T00:11:29","guid":{"rendered":"https:\/\/unoticias.com.mx\/?p=7099"},"modified":"2020-12-30T00:11:29","modified_gmt":"2020-12-30T00:11:29","slug":"delincuentes-armados-incendian-autos-de-turistas-en-costa-azul","status":"publish","type":"post","link":"https:\/\/unoticias.com.mx\/index.php\/2020\/12\/30\/delincuentes-armados-incendian-autos-de-turistas-en-costa-azul\/","title":{"rendered":"DELINCUENTES ARMADOS INCENDIAN AUTOS DE TURISTAS EN COSTA AZUL."},"content":{"rendered":"\n<p>DELINCUENTES ARMADOS INCENDIAN AUTOS DE TURISTAS EN COSTA AZUL.<\/p>\n\n\n\n<p>ACAPULCO, GRO. Dos veh\u00edculos fueron incendiados por presuntos miembros de la delincuencia organizada en el acceso del hotel La Palapa, de esta ciudad y puerto.<\/p>\n\n\n\n<p>Informes policiales indican que estos hechos ocurrieron hacia las 14:00 horas sobre la calle Carabela Santa Mar\u00eda del fraccionamiento Costa Azul, a unos metros de la costera Miguel Alem\u00e1n, en plena franja tur\u00edstica.<\/p>\n\n\n\n<p>Tras ser alertados, elementos de Protecci\u00f3n Civil acudieron para sofocar las llamas en los dos veh\u00edculos, una camioneta tipo Van y otro estilo deportivo de modelo reciente, mismos que resultaron en p\u00e9rdida total.<\/p>\n\n\n\n<p>Testimonios de personas se\u00f1alan que varios sujetos armados llegaron y rociaron combustible en un auto de lujo de color blanco con placas de circulaci\u00f3n 178-YER de Guerrero, cuyas llamas terminaron por alcanzar una camioneta estacionada a escasa distancia.<\/p>\n\n\n\n<p>El \u00faltimo de los veh\u00edculos, se inform\u00f3, era el transporte de un grupo de turistas hospedados en el hotel La Palapa.<br>Al lugar acudieron elementos del Ej\u00e9rcito Mexicano, polic\u00edas estatales y municipales, as\u00ed como de la Guardia Nacional, quienes resguardaron el \u00e1rea durante las diligencias a cargo del Ministerio P\u00fablico sector Costa Azul.<\/p>\n","protected":false},"excerpt":{"rendered":"<p>DELINCUENTES ARMADOS INCENDIAN AUTOS DE TURISTAS EN COSTA AZUL. ACAPULCO, GRO. Dos veh\u00edculos fueron incendiados por presuntos miembros de la delincuencia organizada en el acceso del hotel La Palapa, de &hellip; <a href=\"https:\/\/unoticias.com.mx\/index.php\/2020\/12\/30\/delincuentes-armados-incendian-autos-de-turistas-en-costa-azul\/\" class=\"more-link\">Leer m\u00e1s<\/a><\/p>\n","protected":false},"author":1,"featured_media":7100,"comment_status":"open","ping_status":"open","sticky":false,"template":"","format":"standard","meta":{"spay_email":"","footnotes":"","jetpack_publicize_message":"","jetpack_is_tweetstorm":false,"jetpack_publicize_feature_enabled":true},"categories":[40,15],"tags":[],"class_list":["post-7099","post","type-post","status-publish","format-standard","has-post-thumbnail","hentry","category-nacional","category-local-news","entry"],"jetpack_featured_media_url":"https:\/\/unoticias.com.mx\/wp-content\/uploads\/2020\/12\/IMG_20201229_180912_093.jpg","jetpack_publicize_connections":[],"jetpack_sharing_enabled":true,"jetpack_likes_enabled":true,"_links":{"self":[{"href":"https:\/\/unoticias.com.mx\/index.php\/wp-json\/wp\/v2\/posts\/7099","targetHints":{"allow":["GET"]}}],"collection":[{"href":"https:\/\/unoticias.com.mx\/index.php\/wp-json\/wp\/v2\/posts"}],"about":[{"href":"https:\/\/unoticias.com.mx\/index.php\/wp-json\/wp\/v2\/types\/post"}],"author":[{"embeddable":true,"href":"https:\/\/unoticias.com.mx\/index.php\/wp-json\/wp\/v2\/users\/1"}],"replies":[{"embeddable":true,"href":"https:\/\/unoticias.com.mx\/index.php\/wp-json\/wp\/v2\/comments?post=7099"}],"version-history":[{"count":1,"href":"https:\/\/unoticias.com.mx\/index.php\/wp-json\/wp\/v2\/posts\/7099\/revisions"}],"predecessor-version":[{"id":7101,"href":"https:\/\/unoticias.com.mx\/index.php\/wp-json\/wp\/v2\/posts\/7099\/revisions\/7101"}],"wp:featuredmedia":[{"embeddable":true,"href":"https:\/\/unoticias.com.mx\/index.php\/wp-json\/wp\/v2\/media\/7100"}],"wp:attachment":[{"href":"https:\/\/unoticias.com.mx\/index.php\/wp-json\/wp\/v2\/media?parent=7099"}],"wp:term":[{"taxonomy":"category","embeddable":true,"href":"https:\/\/unoticias.com.mx\/index.php\/wp-json\/wp\/v2\/categories?post=7099"},{"taxonomy":"post_tag","embeddable":true,"href":"https:\/\/unoticias.com.mx\/index.php\/wp-json\/wp\/v2\/tags?post=7099"}],"curies":[{"name":"wp","href":"https:\/\/api.w.org\/{rel}","templated":true}]}}