{"id":7152,"date":"2021-01-02T04:41:46","date_gmt":"2021-01-02T04:41:46","guid":{"rendered":"https:\/\/unoticias.com.mx\/?p=7152"},"modified":"2021-01-02T04:41:46","modified_gmt":"2021-01-02T04:41:46","slug":"fiscalia-obtuvo-vinculacion-a-proceso-contra-el-quinto-aprehendido-en-el-desplome-del-helicoptero-en-que-viajaban-moreno-valle-y-martha-erika","status":"publish","type":"post","link":"https:\/\/unoticias.com.mx\/index.php\/2021\/01\/02\/fiscalia-obtuvo-vinculacion-a-proceso-contra-el-quinto-aprehendido-en-el-desplome-del-helicoptero-en-que-viajaban-moreno-valle-y-martha-erika\/","title":{"rendered":"Fiscal\u00eda obtuvo vinculaci\u00f3n a proceso contra el quinto aprehendido en el desplome del helic\u00f3ptero en que viajaban moreno valle y Martha Erika."},"content":{"rendered":"\n<p><strong>Fiscal\u00eda obtuvo vinculaci\u00f3n a proceso contra el quinto aprehendido\u00a0<\/strong>en el desplome del helic\u00f3ptero en que viajaban moreno valle y Martha Erika.<\/p>\n\n\n\n<p>Con base en el seguimiento jur\u00eddico del caso, la Fiscal\u00eda General del Estado de Puebla obtuvo vinculaci\u00f3n a proceso de Miguel N., quinta persona aprehendida con relaci\u00f3n al evento a\u00e9reo del 24 de diciembre de 2018 en el que fallecieron la entonces gobernadora Martha Erika Alonso Hidalgo, el senador Rafael Moreno Valle y tres personas m\u00e1s.<\/p>\n\n\n\n<p>Durante audiencia y ante los datos probatorios que present\u00f3 el Agente del Ministerio P\u00fablico, la autoridad judicial determin\u00f3 vincular a proceso a Miguel N. por los delitos de homicidio a t\u00edtulo de culpa, da\u00f1o en propiedad ajena a t\u00edtulo de culpa y falsedad en declaraciones dadas a una autoridad.<\/p>\n\n\n\n<p>Miguel N. permanecer\u00e1 en prisi\u00f3n preventiva como medida cautelar al igual que otras cuatro personas m\u00e1s que tambi\u00e9n trabajaban en Rotor Flight Services, empresa relacionada con el funcionamiento de la aeronave.<\/p>\n\n\n\n<p>La Fiscal\u00eda General del Estado de Puebla mantiene el seguimiento de los procesos penales con base en sus atribuciones.<\/p>\n\n\n\n<p>&#8212;&#8212;&#8212;&#8212;-0&#8212;&#8212;&#8212;-0&#8212;&#8212;&#8212;&#8212;-<\/p>\n","protected":false},"excerpt":{"rendered":"<p>Fiscal\u00eda obtuvo vinculaci\u00f3n a proceso contra el quinto aprehendido\u00a0en el desplome del helic\u00f3ptero en que viajaban moreno valle y Martha Erika. Con base en el seguimiento jur\u00eddico del caso, la &hellip; <a href=\"https:\/\/unoticias.com.mx\/index.php\/2021\/01\/02\/fiscalia-obtuvo-vinculacion-a-proceso-contra-el-quinto-aprehendido-en-el-desplome-del-helicoptero-en-que-viajaban-moreno-valle-y-martha-erika\/\" class=\"more-link\">Leer m\u00e1s<\/a><\/p>\n","protected":false},"author":1,"featured_media":7153,"comment_status":"open","ping_status":"open","sticky":false,"template":"","format":"standard","meta":{"spay_email":"","footnotes":"","jetpack_publicize_message":"","jetpack_is_tweetstorm":false,"jetpack_publicize_feature_enabled":true},"categories":[15],"tags":[],"class_list":["post-7152","post","type-post","status-publish","format-standard","has-post-thumbnail","hentry","category-local-news","entry"],"jetpack_featured_media_url":"https:\/\/unoticias.com.mx\/wp-content\/uploads\/2021\/01\/LogoLicious_20210101_223631.jpg","jetpack_publicize_connections":[],"jetpack_sharing_enabled":true,"jetpack_likes_enabled":true,"_links":{"self":[{"href":"https:\/\/unoticias.com.mx\/index.php\/wp-json\/wp\/v2\/posts\/7152","targetHints":{"allow":["GET"]}}],"collection":[{"href":"https:\/\/unoticias.com.mx\/index.php\/wp-json\/wp\/v2\/posts"}],"about":[{"href":"https:\/\/unoticias.com.mx\/index.php\/wp-json\/wp\/v2\/types\/post"}],"author":[{"embeddable":true,"href":"https:\/\/unoticias.com.mx\/index.php\/wp-json\/wp\/v2\/users\/1"}],"replies":[{"embeddable":true,"href":"https:\/\/unoticias.com.mx\/index.php\/wp-json\/wp\/v2\/comments?post=7152"}],"version-history":[{"count":1,"href":"https:\/\/unoticias.com.mx\/index.php\/wp-json\/wp\/v2\/posts\/7152\/revisions"}],"predecessor-version":[{"id":7154,"href":"https:\/\/unoticias.com.mx\/index.php\/wp-json\/wp\/v2\/posts\/7152\/revisions\/7154"}],"wp:featuredmedia":[{"embeddable":true,"href":"https:\/\/unoticias.com.mx\/index.php\/wp-json\/wp\/v2\/media\/7153"}],"wp:attachment":[{"href":"https:\/\/unoticias.com.mx\/index.php\/wp-json\/wp\/v2\/media?parent=7152"}],"wp:term":[{"taxonomy":"category","embeddable":true,"href":"https:\/\/unoticias.com.mx\/index.php\/wp-json\/wp\/v2\/categories?post=7152"},{"taxonomy":"post_tag","embeddable":true,"href":"https:\/\/unoticias.com.mx\/index.php\/wp-json\/wp\/v2\/tags?post=7152"}],"curies":[{"name":"wp","href":"https:\/\/api.w.org\/{rel}","templated":true}]}}