{"id":7172,"date":"2021-01-03T02:33:38","date_gmt":"2021-01-03T02:33:38","guid":{"rendered":"https:\/\/unoticias.com.mx\/?p=7172"},"modified":"2021-01-03T02:33:38","modified_gmt":"2021-01-03T02:33:38","slug":"el-pri-postulara-candidatos-a-diputado-federal-por-costa-chica-distrito-01-ciudad-altamirano-07-chilpancingo-y-09-acapulco","status":"publish","type":"post","link":"https:\/\/unoticias.com.mx\/index.php\/2021\/01\/03\/el-pri-postulara-candidatos-a-diputado-federal-por-costa-chica-distrito-01-ciudad-altamirano-07-chilpancingo-y-09-acapulco\/","title":{"rendered":"El PRI postular\u00e1 candidatos a diputado federal por Costa Chica distrito 01, Ciudad Altamirano; 07 Chilpancingo; y 09 Acapulco."},"content":{"rendered":"\n<p>El PRI postular\u00e1 candidatos a diputado federal por Costa Chica<br>distrito 01, Ciudad Altamirano; 07 Chilpancingo; y 09 Acapulco.<\/p>\n\n\n\n<p>*el tricolor publica convocatoria a las diputaciones federales para comicios de junio<\/p>\n\n\n\n<p>Luis Jij\u00f3n Le\u00f3n\/<\/p>\n\n\n\n<p>El Comit\u00e9 Ejecutivo Nacional (CEN) del Partido Revolucionario Institucional (PRI) public\u00f3 la convocatoria a las diputaciones federales por el principio de mayor\u00eda relativa, para los comicios del 6 de junio de 2021.<\/p>\n\n\n\n<p>Los aspirantes deber\u00e1n manifestar que han tenido una conducta p\u00fablica adecuada, que no han recibido condena por delito doloso del orden com\u00fan o federal en el desempe\u00f1o de sus funciones p\u00fablicas o por ejercer violencia pol\u00edtica por raz\u00f3n de g\u00e9nero.<\/p>\n\n\n\n<p>El PRI mantiene la alianza Va por M\u00e9xico en 60 distritos federales del pa\u00eds con el Partido Acci\u00f3n Nacional (PAN) y el Partido de la Revoluci\u00f3n Democr\u00e1tica (PRD).<\/p>\n\n\n\n<p>En el caso de Guerrero los distritos federales son nueve, el PRI postular\u00e1 candidatos en cuatro: 07 con cabecera en Chilpancingo; 01 Ciudad Altamirano; 08 Ayutla de los Libres; y 09 de Acapulco.<\/p>\n\n\n\n<p>De los nueve distritos federales Morena obtuvo el triunfo en ocho en 2018 y solo uno gan\u00f3 el PRD.<\/p>\n\n\n\n<p>Los diputados morenistas buscan mantener los distritos con la reelecci\u00f3n en 2021 y han entregado al INE una carta intenci\u00f3n para participar para su elecci\u00f3n consecutiva.<\/p>\n\n\n\n<p>Los diputados que buscan la reelecci\u00f3n son: Abelina L\u00f3pez Rodr\u00edguez; Rosario Merl\u00edn; Aracely Ocampo Manzanares; Carlos S\u00e1nchez Barrios; Javier Manzano Salazar; V\u00edctor Adolfo Mojica; y Mar\u00eda del Carmen Cabrera Lagunas.<\/p>\n","protected":false},"excerpt":{"rendered":"<p>El PRI postular\u00e1 candidatos a diputado federal por Costa Chicadistrito 01, Ciudad Altamirano; 07 Chilpancingo; y 09 Acapulco. *el tricolor publica convocatoria a las diputaciones federales para comicios de junio &hellip; <a href=\"https:\/\/unoticias.com.mx\/index.php\/2021\/01\/03\/el-pri-postulara-candidatos-a-diputado-federal-por-costa-chica-distrito-01-ciudad-altamirano-07-chilpancingo-y-09-acapulco\/\" class=\"more-link\">Leer m\u00e1s<\/a><\/p>\n","protected":false},"author":1,"featured_media":7173,"comment_status":"open","ping_status":"open","sticky":false,"template":"","format":"standard","meta":{"spay_email":"","footnotes":"","jetpack_publicize_message":"","jetpack_is_tweetstorm":false,"jetpack_publicize_feature_enabled":true},"categories":[15],"tags":[],"class_list":["post-7172","post","type-post","status-publish","format-standard","has-post-thumbnail","hentry","category-local-news","entry"],"jetpack_featured_media_url":"https:\/\/unoticias.com.mx\/wp-content\/uploads\/2021\/01\/IMG_20210102_202808_022.jpg","jetpack_publicize_connections":[],"jetpack_sharing_enabled":true,"jetpack_likes_enabled":true,"_links":{"self":[{"href":"https:\/\/unoticias.com.mx\/index.php\/wp-json\/wp\/v2\/posts\/7172","targetHints":{"allow":["GET"]}}],"collection":[{"href":"https:\/\/unoticias.com.mx\/index.php\/wp-json\/wp\/v2\/posts"}],"about":[{"href":"https:\/\/unoticias.com.mx\/index.php\/wp-json\/wp\/v2\/types\/post"}],"author":[{"embeddable":true,"href":"https:\/\/unoticias.com.mx\/index.php\/wp-json\/wp\/v2\/users\/1"}],"replies":[{"embeddable":true,"href":"https:\/\/unoticias.com.mx\/index.php\/wp-json\/wp\/v2\/comments?post=7172"}],"version-history":[{"count":1,"href":"https:\/\/unoticias.com.mx\/index.php\/wp-json\/wp\/v2\/posts\/7172\/revisions"}],"predecessor-version":[{"id":7174,"href":"https:\/\/unoticias.com.mx\/index.php\/wp-json\/wp\/v2\/posts\/7172\/revisions\/7174"}],"wp:featuredmedia":[{"embeddable":true,"href":"https:\/\/unoticias.com.mx\/index.php\/wp-json\/wp\/v2\/media\/7173"}],"wp:attachment":[{"href":"https:\/\/unoticias.com.mx\/index.php\/wp-json\/wp\/v2\/media?parent=7172"}],"wp:term":[{"taxonomy":"category","embeddable":true,"href":"https:\/\/unoticias.com.mx\/index.php\/wp-json\/wp\/v2\/categories?post=7172"},{"taxonomy":"post_tag","embeddable":true,"href":"https:\/\/unoticias.com.mx\/index.php\/wp-json\/wp\/v2\/tags?post=7172"}],"curies":[{"name":"wp","href":"https:\/\/api.w.org\/{rel}","templated":true}]}}