{"id":7260,"date":"2021-01-06T03:12:14","date_gmt":"2021-01-06T03:12:14","guid":{"rendered":"https:\/\/unoticias.com.mx\/?p=7260"},"modified":"2021-01-06T03:12:14","modified_gmt":"2021-01-06T03:12:14","slug":"con-mi-amigo-efren-adame-hemos-platicando-para-ver-si-llegamos-a-algun-acuerdo-politico-si-no-nos-iriamos-a-la-encuesta-jaime-lopez-hilario","status":"publish","type":"post","link":"https:\/\/unoticias.com.mx\/index.php\/2021\/01\/06\/con-mi-amigo-efren-adame-hemos-platicando-para-ver-si-llegamos-a-algun-acuerdo-politico-si-no-nos-iriamos-a-la-encuesta-jaime-lopez-hilario\/","title":{"rendered":"Con mi amigo Efr\u00e9n Adame hemos platicando para ver si llegamos a alg\u00fan acuerdo pol\u00edtico; si no nos ir\u00edamos a la encuesta: Jaime L\u00f3pez Hilario"},"content":{"rendered":"\n<p>Con mi amigo Efr\u00e9n Adame hemos platicando para ver si llegamos a alg\u00fan acuerdo pol\u00edtico; si no nos ir\u00edamos a la encuesta: Jaime L\u00f3pez Hilario<br>\u00b7 \u2018\u2019Platicamos a mediados de diciembre y seguiremos platicando; la decisi\u00f3n es ir en unidad\u2019\u2019.<br>\u00b7 \u2019Primero Dios vamos a ser elegidos para poder representar a nuestro partido como una nueva opci\u00f3n para nuestro municipio. Mientras tanto seguimos caminando\u2019\u2019, asegura.<br>Karmelynda Valverde\/Ometepec, Gro.<br>Jaime L\u00f3pez Hilario, uno de los dos aspirantes que m\u00e1s suena para la presidencia municipal por el Partido Revolucionario Institucional, asegur\u00f3 en breve pl\u00e1tica con los representantes de los medios locales que en muy buenos t\u00e9rminos ha dialogado con el alcalde Efr\u00e9n Adame Montalv\u00e1n, para lograr un acuerdo pol\u00edtico \u2018\u2019si no nos ir\u00edamos a la encuesta\u2019\u2019 explic\u00f3.<br>Luego de desear a los ometepequenses en general, \u2018\u2019Un a\u00f1o con mucha salud, pleno, exitoso, y que podamos ya regresar a nuestra vida normal\u2019\u2019 coment\u00f3 que como es sabido 2021 es un a\u00f1o electoral \u2018\u2019es un a\u00f1o en que se van a definir muchas cosas en nuestro estado, muy especialmente para nosotros aqu\u00ed en Ometepec; solo estamos esperando los tiempos se\u00f1alados por nuestro partido, para que salga la convocatoria y hacer v\u00e1lida la aspiraci\u00f3n que tenemos\u2019\u2019.<br>Cabe se\u00f1ala que el presidente de la Asociaci\u00f3n \u2018\u2019Juventud Comprometida\u2019\u2019 cerr\u00f3 el a\u00f1o 2020 recorriendo las comunidades y colonias de la cabecera municipal, con diversos apoyos de los diferentes programas que ha venido manejando en beneficio de las familias de nuestro municipio \u2018\u2019 y as\u00ed lo iniciamos tambi\u00e9n, entregando algunos detalles a trav\u00e9s de nuestra asociaci\u00f3n civil llevando sonrisas a los ni\u00f1os de las comunidades y de la cabecera municipal\u2019\u2019.<br>Dej\u00f3 en claro que \u2018\u2019Juventud Comprometida\u2019\u2019 no es ni ha sido una estrategia improvisada para tiempos electorales, sino una asociaci\u00f3n en forma \u2018\u2019que ha cumplido cabalmente con los prop\u00f3sitos para los que se cre\u00f3 en el 2016. Cuando marquen los tiempos vamos a parar como asociaci\u00f3n y pase lo que pase luego de la convocatoria de mi partido para ayuntamientos y la decisi\u00f3n que tomen, y despu\u00e9s de las elecciones en junio, con \u2018\u2019Juventud Comprometida\u2019\u2019 seguiremos con nuestros eventos anuales deportivos y culturales.<br>Precis\u00f3 qu\u00e9 tiene fe en Dios que las cosas se le van a dar. \u2018\u2019Primero Dios vamos a ser elegidos para poder representar a nuestro partido como una nueva opci\u00f3n para nuestro municipio. Mientras tanto seguimos caminando, muy cercanos a la gente. Cada vez caminando con m\u00e1s certeza. Lo estamos haciendo y lo vamos a seguir haciendo. Conf\u00edo en que los mejores candidatos seremos lo que estaremos en la encuesta\u2019\u2019.<br>De Efr\u00e9n Adame Montalv\u00e1n dijo que \u2018\u2019Es mi amigo, platicamos a mediados de diciembre y seguiremos platicando y la decisi\u00f3n es ir en unidad. Puede haber acuerdos. Es un requisito que podemos llevar a cabo. Con mi amigo Efr\u00e9n Adame estamos platicando para ver si llegamos a alg\u00fan acuerdo pol\u00edtico, sino nos ir\u00edamos a la encuesta\u2019\u2019. Sin embargo resalt\u00f3 que el PRI es un partido que le apuesta a la unidad y por lo tanto \u2018\u2019en el remoto caso de que yo no resultara el candidato no me ir\u00eda de mi partido\u2019\u2019.<br>L\u00f3pez Hilario concluy\u00f3 manifestando que \u2018\u2019con el respeto que se merecen algunos ya contendieron. Yo soy una opci\u00f3n joven, pero una opci\u00f3n con resultados. Si el d\u00eda de ma\u00f1ana mi partido decide postularme no ser\u00eda yo una imposici\u00f3n sino alguien que le ha trabajado duro\u2019\u2019.<\/p>\n","protected":false},"excerpt":{"rendered":"<p>Con mi amigo Efr\u00e9n Adame hemos platicando para ver si llegamos a alg\u00fan acuerdo pol\u00edtico; si no nos ir\u00edamos a la encuesta: Jaime L\u00f3pez Hilario\u00b7 \u2018\u2019Platicamos a mediados de diciembre &hellip; <a href=\"https:\/\/unoticias.com.mx\/index.php\/2021\/01\/06\/con-mi-amigo-efren-adame-hemos-platicando-para-ver-si-llegamos-a-algun-acuerdo-politico-si-no-nos-iriamos-a-la-encuesta-jaime-lopez-hilario\/\" class=\"more-link\">Leer m\u00e1s<\/a><\/p>\n","protected":false},"author":1,"featured_media":7261,"comment_status":"open","ping_status":"open","sticky":false,"template":"","format":"standard","meta":{"spay_email":"","footnotes":"","jetpack_publicize_message":"","jetpack_is_tweetstorm":false,"jetpack_publicize_feature_enabled":true},"categories":[15],"tags":[],"class_list":["post-7260","post","type-post","status-publish","format-standard","has-post-thumbnail","hentry","category-local-news","entry"],"jetpack_featured_media_url":"https:\/\/unoticias.com.mx\/wp-content\/uploads\/2021\/01\/IMG_20210105_211026_967.jpg","jetpack_publicize_connections":[],"jetpack_sharing_enabled":true,"jetpack_likes_enabled":true,"_links":{"self":[{"href":"https:\/\/unoticias.com.mx\/index.php\/wp-json\/wp\/v2\/posts\/7260","targetHints":{"allow":["GET"]}}],"collection":[{"href":"https:\/\/unoticias.com.mx\/index.php\/wp-json\/wp\/v2\/posts"}],"about":[{"href":"https:\/\/unoticias.com.mx\/index.php\/wp-json\/wp\/v2\/types\/post"}],"author":[{"embeddable":true,"href":"https:\/\/unoticias.com.mx\/index.php\/wp-json\/wp\/v2\/users\/1"}],"replies":[{"embeddable":true,"href":"https:\/\/unoticias.com.mx\/index.php\/wp-json\/wp\/v2\/comments?post=7260"}],"version-history":[{"count":1,"href":"https:\/\/unoticias.com.mx\/index.php\/wp-json\/wp\/v2\/posts\/7260\/revisions"}],"predecessor-version":[{"id":7262,"href":"https:\/\/unoticias.com.mx\/index.php\/wp-json\/wp\/v2\/posts\/7260\/revisions\/7262"}],"wp:featuredmedia":[{"embeddable":true,"href":"https:\/\/unoticias.com.mx\/index.php\/wp-json\/wp\/v2\/media\/7261"}],"wp:attachment":[{"href":"https:\/\/unoticias.com.mx\/index.php\/wp-json\/wp\/v2\/media?parent=7260"}],"wp:term":[{"taxonomy":"category","embeddable":true,"href":"https:\/\/unoticias.com.mx\/index.php\/wp-json\/wp\/v2\/categories?post=7260"},{"taxonomy":"post_tag","embeddable":true,"href":"https:\/\/unoticias.com.mx\/index.php\/wp-json\/wp\/v2\/tags?post=7260"}],"curies":[{"name":"wp","href":"https:\/\/api.w.org\/{rel}","templated":true}]}}