{"id":7364,"date":"2021-01-10T05:18:14","date_gmt":"2021-01-10T05:18:14","guid":{"rendered":"https:\/\/unoticias.com.mx\/?p=7364"},"modified":"2021-01-10T05:18:14","modified_gmt":"2021-01-10T05:18:14","slug":"confirmado-mario-moreno-por-la-precandidatura-del-pri-en-guerrero","status":"publish","type":"post","link":"https:\/\/unoticias.com.mx\/index.php\/2021\/01\/10\/confirmado-mario-moreno-por-la-precandidatura-del-pri-en-guerrero\/","title":{"rendered":"Confirmado, Mario Moreno por la precandidatura del PRI en Guerrero."},"content":{"rendered":"\n<p>Confirmado, Mario Moreno por la precandidatura del PRI en Guerrero.<\/p>\n\n\n\n<ul class=\"wp-block-list\"><li>En reuniones por separado, el dirigente nacional, Alejandro Moreno inform\u00f3 la decisi\u00f3n a los aspirantes<\/li><\/ul>\n\n\n\n<p>Para las 22:00 horas del s\u00e1bado 9 de enero, el dirigente nacional del PRI, Alejandro Moreno C\u00e1rdenas inform\u00f3 a los aspirantes del proceso interno quien ser\u00e1 el precandidato a la gubernatura que se habr\u00e1 de medir con su similar del PRD, la definici\u00f3n recay\u00f3 en el ex alcalde de Chilpancingo, Mario Moreno Arcos.<br>La decisi\u00f3n fue informada por el presidente del Comit\u00e9 Ejecutivo Nacional (CEN) del PRI en reuniones por separado, en el hotel Holiday Inn-Diamante de Acapulco, duranye la noche del s\u00e1bado.<br>Uno a uno, el senador Manuel A\u00f1orve Ba\u00f1os, el coordinador de los diputados del PRI en el Congreso local, H\u00e9ctor Apreza Patr\u00f3n y el propio Moreno Arcos recibieron la informaci\u00f3n correspondiente.<br>Se espera que este domingo 10, a las 11:00 horas se registre la precandidatura de unidad en las instalaciones del Comit\u00e9 Directivo Estatal (CDE) del PRI, ante la Comisi\u00f3n de Procesos Internos, que preside el diputado local Heriberto Huicochea V\u00e1zquez.<\/p>\n","protected":false},"excerpt":{"rendered":"<p>Confirmado, Mario Moreno por la precandidatura del PRI en Guerrero. En reuniones por separado, el dirigente nacional, Alejandro Moreno inform\u00f3 la decisi\u00f3n a los aspirantes Para las 22:00 horas del &hellip; <a href=\"https:\/\/unoticias.com.mx\/index.php\/2021\/01\/10\/confirmado-mario-moreno-por-la-precandidatura-del-pri-en-guerrero\/\" class=\"more-link\">Leer m\u00e1s<\/a><\/p>\n","protected":false},"author":1,"featured_media":7365,"comment_status":"open","ping_status":"open","sticky":false,"template":"","format":"standard","meta":{"spay_email":"","footnotes":"","jetpack_publicize_message":"","jetpack_is_tweetstorm":false,"jetpack_publicize_feature_enabled":true},"categories":[15],"tags":[],"class_list":["post-7364","post","type-post","status-publish","format-standard","has-post-thumbnail","hentry","category-local-news","entry"],"jetpack_featured_media_url":"https:\/\/unoticias.com.mx\/wp-content\/uploads\/2021\/01\/IMG_20210109_231650_335.jpg","jetpack_publicize_connections":[],"jetpack_sharing_enabled":true,"jetpack_likes_enabled":true,"_links":{"self":[{"href":"https:\/\/unoticias.com.mx\/index.php\/wp-json\/wp\/v2\/posts\/7364","targetHints":{"allow":["GET"]}}],"collection":[{"href":"https:\/\/unoticias.com.mx\/index.php\/wp-json\/wp\/v2\/posts"}],"about":[{"href":"https:\/\/unoticias.com.mx\/index.php\/wp-json\/wp\/v2\/types\/post"}],"author":[{"embeddable":true,"href":"https:\/\/unoticias.com.mx\/index.php\/wp-json\/wp\/v2\/users\/1"}],"replies":[{"embeddable":true,"href":"https:\/\/unoticias.com.mx\/index.php\/wp-json\/wp\/v2\/comments?post=7364"}],"version-history":[{"count":1,"href":"https:\/\/unoticias.com.mx\/index.php\/wp-json\/wp\/v2\/posts\/7364\/revisions"}],"predecessor-version":[{"id":7366,"href":"https:\/\/unoticias.com.mx\/index.php\/wp-json\/wp\/v2\/posts\/7364\/revisions\/7366"}],"wp:featuredmedia":[{"embeddable":true,"href":"https:\/\/unoticias.com.mx\/index.php\/wp-json\/wp\/v2\/media\/7365"}],"wp:attachment":[{"href":"https:\/\/unoticias.com.mx\/index.php\/wp-json\/wp\/v2\/media?parent=7364"}],"wp:term":[{"taxonomy":"category","embeddable":true,"href":"https:\/\/unoticias.com.mx\/index.php\/wp-json\/wp\/v2\/categories?post=7364"},{"taxonomy":"post_tag","embeddable":true,"href":"https:\/\/unoticias.com.mx\/index.php\/wp-json\/wp\/v2\/tags?post=7364"}],"curies":[{"name":"wp","href":"https:\/\/api.w.org\/{rel}","templated":true}]}}