{"id":7374,"date":"2021-01-11T01:52:55","date_gmt":"2021-01-11T01:52:55","guid":{"rendered":"https:\/\/unoticias.com.mx\/?p=7374"},"modified":"2021-01-11T01:52:55","modified_gmt":"2021-01-11T01:52:55","slug":"el-hospital-adolfo-prieto-de-taxco-colapsado-ante-el-covid","status":"publish","type":"post","link":"https:\/\/unoticias.com.mx\/index.php\/2021\/01\/11\/el-hospital-adolfo-prieto-de-taxco-colapsado-ante-el-covid\/","title":{"rendered":"El HOSPITAL ADOLFO PRIETO DE TAXCO COLAPSADO ANTE EL COVID."},"content":{"rendered":"\n<p>El HOSPITAL ADOLFO PRIETO DE TAXCO COLAPSADO ANTE EL COVID.<\/p>\n\n\n\n<p>TAXCO, GRO. Pr\u00e1cticamente colapsado y en estado de emergencia se encuentra el hospital general Adolfo prieto de esta ciudad, despu\u00e9s de que personal del nosocomio di\u00f3 a conocer que los pacientes est\u00e1n siendo canalizados a la ciudad de Iguala.<br>Oor otro lado se inform\u00f3 que el personal m\u00e9dico y de enfermer\u00eda no ha recibido la vacuna contra el covid-19.<\/p>\n","protected":false},"excerpt":{"rendered":"<p>El HOSPITAL ADOLFO PRIETO DE TAXCO COLAPSADO ANTE EL COVID. TAXCO, GRO. Pr\u00e1cticamente colapsado y en estado de emergencia se encuentra el hospital general Adolfo prieto de esta ciudad, despu\u00e9s &hellip; <a href=\"https:\/\/unoticias.com.mx\/index.php\/2021\/01\/11\/el-hospital-adolfo-prieto-de-taxco-colapsado-ante-el-covid\/\" class=\"more-link\">Leer m\u00e1s<\/a><\/p>\n","protected":false},"author":1,"featured_media":7375,"comment_status":"open","ping_status":"open","sticky":false,"template":"","format":"standard","meta":{"spay_email":"","footnotes":"","jetpack_publicize_message":"","jetpack_is_tweetstorm":false,"jetpack_publicize_feature_enabled":true},"categories":[15],"tags":[],"class_list":["post-7374","post","type-post","status-publish","format-standard","has-post-thumbnail","hentry","category-local-news","entry"],"jetpack_featured_media_url":"https:\/\/unoticias.com.mx\/wp-content\/uploads\/2021\/01\/IMG_20210110_195201_744.jpg","jetpack_publicize_connections":[],"jetpack_sharing_enabled":true,"jetpack_likes_enabled":true,"_links":{"self":[{"href":"https:\/\/unoticias.com.mx\/index.php\/wp-json\/wp\/v2\/posts\/7374","targetHints":{"allow":["GET"]}}],"collection":[{"href":"https:\/\/unoticias.com.mx\/index.php\/wp-json\/wp\/v2\/posts"}],"about":[{"href":"https:\/\/unoticias.com.mx\/index.php\/wp-json\/wp\/v2\/types\/post"}],"author":[{"embeddable":true,"href":"https:\/\/unoticias.com.mx\/index.php\/wp-json\/wp\/v2\/users\/1"}],"replies":[{"embeddable":true,"href":"https:\/\/unoticias.com.mx\/index.php\/wp-json\/wp\/v2\/comments?post=7374"}],"version-history":[{"count":1,"href":"https:\/\/unoticias.com.mx\/index.php\/wp-json\/wp\/v2\/posts\/7374\/revisions"}],"predecessor-version":[{"id":7376,"href":"https:\/\/unoticias.com.mx\/index.php\/wp-json\/wp\/v2\/posts\/7374\/revisions\/7376"}],"wp:featuredmedia":[{"embeddable":true,"href":"https:\/\/unoticias.com.mx\/index.php\/wp-json\/wp\/v2\/media\/7375"}],"wp:attachment":[{"href":"https:\/\/unoticias.com.mx\/index.php\/wp-json\/wp\/v2\/media?parent=7374"}],"wp:term":[{"taxonomy":"category","embeddable":true,"href":"https:\/\/unoticias.com.mx\/index.php\/wp-json\/wp\/v2\/categories?post=7374"},{"taxonomy":"post_tag","embeddable":true,"href":"https:\/\/unoticias.com.mx\/index.php\/wp-json\/wp\/v2\/tags?post=7374"}],"curies":[{"name":"wp","href":"https:\/\/api.w.org\/{rel}","templated":true}]}}