{"id":7448,"date":"2021-01-16T05:38:07","date_gmt":"2021-01-16T05:38:07","guid":{"rendered":"https:\/\/unoticias.com.mx\/?p=7448"},"modified":"2021-01-16T05:38:07","modified_gmt":"2021-01-16T05:38:07","slug":"propone-el-diputado-aristoteles-tito-arroyo-reformas-a-la-ley-para-aplicar-la-consulta-de-los-pueblos-y-comunidades-indigenas-y-afromexicanas","status":"publish","type":"post","link":"https:\/\/unoticias.com.mx\/index.php\/2021\/01\/16\/propone-el-diputado-aristoteles-tito-arroyo-reformas-a-la-ley-para-aplicar-la-consulta-de-los-pueblos-y-comunidades-indigenas-y-afromexicanas\/","title":{"rendered":"Propone el diputado Arist\u00f3teles Tito Arroyo; reformas a la Ley para aplicar la consulta de los pueblos y comunidades ind\u00edgenas y Afromexicanas."},"content":{"rendered":"\n<p>Propone el diputado Arist\u00f3teles Tito Arroyo; reformas a la Ley para aplicar la consulta de los pueblos y comunidades ind\u00edgenas y Afromexicanas.<\/p>\n\n\n\n<p>El Congreso de Guerrero analiza una reforma a la Ley de Participaci\u00f3n Ciudadana del estado, para que las autoridades instrumenten consultas a los pueblos ind\u00edgenas y comunidades Afromexicanas, respecto a los asuntos p\u00fablicos y de inter\u00e9s social que fundamentalmente les concierne.<br>La propuesta fue presentada por el diputado de #Morena #Arist\u00f3telesTitoArroyo quien dijo que el estado tendr\u00e1 la obligaci\u00f3n de adoptar las medidas necesarias para hacer efectivo ese derecho, de conformidad con lo dispuesto en la Constituci\u00f3n Pol\u00edtica de los Estados Unidos Mexicanos, los Tratados Internacionales, la Constituci\u00f3n Pol\u00edtica del Estado y la legislaci\u00f3n local aplicable.<br>El legislador agreg\u00f3 que las consultas que se lleven a cabo deber\u00e1n adecuarse a las circunstancias de los pueblos y comunidades ind\u00edgenas-Afromexicanos, con la finalidad de ser apropiadas y culturalmente adecuadas.<br>En su misma propuesta se\u00f1al\u00f3 que la consulta establecida, podr\u00e1 ser convocada por los propios habitantes o a petici\u00f3n de la Asamblea Comunitaria o sus autoridades representativas, cuando consideren que deban ser tomados en cuenta en las decisiones pol\u00edticas y sociales de su comunidad.<br>Tito Arroyo dijo adem\u00e1s, que el proceso de consulta deber\u00e1 ser p\u00fablico, previo, culturalmente adecuado, debidamente informado, y de buena fe, conforme a los criterios y elementos se\u00f1alados en la legislaci\u00f3n aplicable.<\/p>\n","protected":false},"excerpt":{"rendered":"<p>Propone el diputado Arist\u00f3teles Tito Arroyo; reformas a la Ley para aplicar la consulta de los pueblos y comunidades ind\u00edgenas y Afromexicanas. El Congreso de Guerrero analiza una reforma a &hellip; <a href=\"https:\/\/unoticias.com.mx\/index.php\/2021\/01\/16\/propone-el-diputado-aristoteles-tito-arroyo-reformas-a-la-ley-para-aplicar-la-consulta-de-los-pueblos-y-comunidades-indigenas-y-afromexicanas\/\" class=\"more-link\">Leer m\u00e1s<\/a><\/p>\n","protected":false},"author":1,"featured_media":7449,"comment_status":"open","ping_status":"open","sticky":false,"template":"","format":"standard","meta":{"spay_email":"","footnotes":"","jetpack_publicize_message":"","jetpack_is_tweetstorm":false,"jetpack_publicize_feature_enabled":true},"categories":[15],"tags":[],"class_list":["post-7448","post","type-post","status-publish","format-standard","has-post-thumbnail","hentry","category-local-news","entry"],"jetpack_featured_media_url":"https:\/\/unoticias.com.mx\/wp-content\/uploads\/2021\/01\/IMG_20210115_233700_788.jpg","jetpack_publicize_connections":[],"jetpack_sharing_enabled":true,"jetpack_likes_enabled":true,"_links":{"self":[{"href":"https:\/\/unoticias.com.mx\/index.php\/wp-json\/wp\/v2\/posts\/7448","targetHints":{"allow":["GET"]}}],"collection":[{"href":"https:\/\/unoticias.com.mx\/index.php\/wp-json\/wp\/v2\/posts"}],"about":[{"href":"https:\/\/unoticias.com.mx\/index.php\/wp-json\/wp\/v2\/types\/post"}],"author":[{"embeddable":true,"href":"https:\/\/unoticias.com.mx\/index.php\/wp-json\/wp\/v2\/users\/1"}],"replies":[{"embeddable":true,"href":"https:\/\/unoticias.com.mx\/index.php\/wp-json\/wp\/v2\/comments?post=7448"}],"version-history":[{"count":1,"href":"https:\/\/unoticias.com.mx\/index.php\/wp-json\/wp\/v2\/posts\/7448\/revisions"}],"predecessor-version":[{"id":7450,"href":"https:\/\/unoticias.com.mx\/index.php\/wp-json\/wp\/v2\/posts\/7448\/revisions\/7450"}],"wp:featuredmedia":[{"embeddable":true,"href":"https:\/\/unoticias.com.mx\/index.php\/wp-json\/wp\/v2\/media\/7449"}],"wp:attachment":[{"href":"https:\/\/unoticias.com.mx\/index.php\/wp-json\/wp\/v2\/media?parent=7448"}],"wp:term":[{"taxonomy":"category","embeddable":true,"href":"https:\/\/unoticias.com.mx\/index.php\/wp-json\/wp\/v2\/categories?post=7448"},{"taxonomy":"post_tag","embeddable":true,"href":"https:\/\/unoticias.com.mx\/index.php\/wp-json\/wp\/v2\/tags?post=7448"}],"curies":[{"name":"wp","href":"https:\/\/api.w.org\/{rel}","templated":true}]}}