{"id":7516,"date":"2021-01-21T05:51:34","date_gmt":"2021-01-21T05:51:34","guid":{"rendered":"https:\/\/unoticias.com.mx\/?p=7516"},"modified":"2021-01-21T05:51:34","modified_gmt":"2021-01-21T05:51:34","slug":"pide-mario-moreno-a-guerrerenses-a-extremar-cuidados-por-covid-19","status":"publish","type":"post","link":"https:\/\/unoticias.com.mx\/index.php\/2021\/01\/21\/pide-mario-moreno-a-guerrerenses-a-extremar-cuidados-por-covid-19\/","title":{"rendered":"Pide Mario Moreno a guerrerenses a extremar cuidados por Covid-19"},"content":{"rendered":"\n<p>Pide Mario Moreno a guerrerenses a extremar cuidados por Covid-19<\/p>\n\n\n\n<p>\u2022 Es tiempo de acatar las disposiciones sanitarias<br>\u2022 Pronto volveremos a tener la oportunidad de reunirnos, conf\u00eda<\/p>\n\n\n\n<p>Chilpancingo, Gro., enero 20 del 2021.- El presidente de la Conferencia de Honor del Partido Revolucionario Institucional (PRI), Mario Moreno Arcos, convoc\u00f3 a las y los guerrerenses a que refuercen sus medidas de higiene, ante el rebrote de Covid-19 en Guerrero.<\/p>\n\n\n\n<p>Consider\u00f3 que lo m\u00e1s importante en este momento es proteger la salud, evitar que los contagios sigan aumentando y que el estado regrese al color rojo del Sem\u00e1foro Epidemiol\u00f3gico Nacional, lo que provocar\u00eda mayores repercusiones econ\u00f3micas para el estado.<\/p>\n\n\n\n<p>Por eso los invit\u00f3 a colaborar con las autoridades de los tres niveles de gobierno, acatando todos los protocolos sanitarios, como el uso correcto del cubre bocas, mantener sana distancia, lavado de manos constante y evitar aglomeraciones as\u00ed como sitios cerrados.<\/p>\n\n\n\n<p>\u201cEn este momento crucial debemos cuidarnos entre todos. Estoy seguro, amigas y amigos, que si actuamos con responsabilidad, pronto tendremos la oportunidad de volvernos a abrazar, de reunirnos entre amigos y familiares y a manifestarnos el afecto que siempre nos ha caracterizado recorriendo el estado con todos ustedes\u201d, coment\u00f3.<\/p>\n\n\n\n<p>Al respecto Moreno Arcos celebr\u00f3 el anuncio que hizo el martes el gobernador H\u00e9ctor Astudillo Flores sobre la reconversi\u00f3n m\u00e1s hospitales para atender a pacientes por Covid-19, as\u00ed como la instalaci\u00f3n de unidades m\u00f3viles para el mismo prop\u00f3sito, como la que opera en el municipio de Iguala donde a prop\u00f3sito, cancel\u00f3 un encuentro que se llevar\u00eda a cabo hoy con estructuras priistas a causa del aumento de contagios.<\/p>\n\n\n\n<p>Sin embargo, Mario Moreno insisti\u00f3 en que la mejor medida es la preventiva y la del autocuidado entre los propios ciudadanos. \u201cUn\u00e1monos ante este desaf\u00edo, cuid\u00e9monos entre todos y evitemos que m\u00e1s amigos, familiares, seres queridos y paisanos guerrerenses sigan falleciendo por esta terrible enfermedad\u201d.<\/p>\n\n\n\n<p>Finalmente Mario Moreno reiter\u00f3 su solidaridad a las familias de las v\u00edctimas del Covid-19, as\u00ed como para quienes se encuentran enfermas en estos momentos. \u201cMi respaldo sincero para todos ellas y ellos. Vamos a honrarlos haciendo todo lo que est\u00e9 en nuestras manos para cuidarnos y evitar que el contagio siga creciendo\u201d.<\/p>\n","protected":false},"excerpt":{"rendered":"<p>Pide Mario Moreno a guerrerenses a extremar cuidados por Covid-19 \u2022 Es tiempo de acatar las disposiciones sanitarias\u2022 Pronto volveremos a tener la oportunidad de reunirnos, conf\u00eda Chilpancingo, Gro., enero &hellip; <a href=\"https:\/\/unoticias.com.mx\/index.php\/2021\/01\/21\/pide-mario-moreno-a-guerrerenses-a-extremar-cuidados-por-covid-19\/\" class=\"more-link\">Leer m\u00e1s<\/a><\/p>\n","protected":false},"author":1,"featured_media":7517,"comment_status":"open","ping_status":"open","sticky":false,"template":"","format":"standard","meta":{"spay_email":"","footnotes":"","jetpack_publicize_message":"","jetpack_is_tweetstorm":false,"jetpack_publicize_feature_enabled":true},"categories":[15],"tags":[],"class_list":["post-7516","post","type-post","status-publish","format-standard","has-post-thumbnail","hentry","category-local-news","entry"],"jetpack_featured_media_url":"https:\/\/unoticias.com.mx\/wp-content\/uploads\/2021\/01\/FB_IMG_1611208184231.jpg","jetpack_publicize_connections":[],"jetpack_sharing_enabled":true,"jetpack_likes_enabled":true,"_links":{"self":[{"href":"https:\/\/unoticias.com.mx\/index.php\/wp-json\/wp\/v2\/posts\/7516","targetHints":{"allow":["GET"]}}],"collection":[{"href":"https:\/\/unoticias.com.mx\/index.php\/wp-json\/wp\/v2\/posts"}],"about":[{"href":"https:\/\/unoticias.com.mx\/index.php\/wp-json\/wp\/v2\/types\/post"}],"author":[{"embeddable":true,"href":"https:\/\/unoticias.com.mx\/index.php\/wp-json\/wp\/v2\/users\/1"}],"replies":[{"embeddable":true,"href":"https:\/\/unoticias.com.mx\/index.php\/wp-json\/wp\/v2\/comments?post=7516"}],"version-history":[{"count":1,"href":"https:\/\/unoticias.com.mx\/index.php\/wp-json\/wp\/v2\/posts\/7516\/revisions"}],"predecessor-version":[{"id":7518,"href":"https:\/\/unoticias.com.mx\/index.php\/wp-json\/wp\/v2\/posts\/7516\/revisions\/7518"}],"wp:featuredmedia":[{"embeddable":true,"href":"https:\/\/unoticias.com.mx\/index.php\/wp-json\/wp\/v2\/media\/7517"}],"wp:attachment":[{"href":"https:\/\/unoticias.com.mx\/index.php\/wp-json\/wp\/v2\/media?parent=7516"}],"wp:term":[{"taxonomy":"category","embeddable":true,"href":"https:\/\/unoticias.com.mx\/index.php\/wp-json\/wp\/v2\/categories?post=7516"},{"taxonomy":"post_tag","embeddable":true,"href":"https:\/\/unoticias.com.mx\/index.php\/wp-json\/wp\/v2\/tags?post=7516"}],"curies":[{"name":"wp","href":"https:\/\/api.w.org\/{rel}","templated":true}]}}