{"id":7699,"date":"2021-01-30T21:23:19","date_gmt":"2021-01-30T21:23:19","guid":{"rendered":"https:\/\/unoticias.com.mx\/?p=7699"},"modified":"2021-01-30T21:23:19","modified_gmt":"2021-01-30T21:23:19","slug":"asesinan-y-calcinan-a-una-persona-atras-del-mercado-de-chilpancingo","status":"publish","type":"post","link":"https:\/\/unoticias.com.mx\/index.php\/2021\/01\/30\/asesinan-y-calcinan-a-una-persona-atras-del-mercado-de-chilpancingo\/","title":{"rendered":"Asesinan y calcinan a una persona atr\u00e1s del Mercado de Chilpancingo"},"content":{"rendered":"\n<p>Asesinan y calcinan a una persona atr\u00e1s del Mercado de Chilpancingo<\/p>\n\n\n\n<p>CHILPANCINGO, GRO. Una persona calcinada fue localizada en las inmediaciones del Mercado Central de esta ciudad capital.<br>Este hallazgo se realiz\u00f3 en un terreno boscoso entre la colonia San Jos\u00e9 y el fraccionamiento Santa Rosa, entrando por la avenida Insurgentes, al sur de Chilpancingo.<br>Hasta ese sitio arribaron como primeros respondientes elementos de la Polic\u00eda del Estado, quienes acordonaron el per\u00edmetro, a la espera de que el personal de la Fiscal\u00eda General del Estado se hiciera cargo de las actuaciones.<br>El cuerpo se localiz\u00f3 al costado de una brecha por donde los residentes bajan al mercado Baltazar \u201cR. Leyva Mancilla\u201d, mismos que realizaron el reporte.<br>Se inform\u00f3 en un principio que era un cuerpo putrefacto, pero finalmente los peritos advirtieron que fue calcinado.<br>De momento se desconoce el sexo de la v\u00edctima, edad aproximada y dem\u00e1s caracter\u00edsticas.<br>Al final de las diligencias, el cad\u00e1ver fue trasladado en calidad de desconocido a las instalaciones del Servicio M\u00e9dico Forense, para la pr\u00e1ctica de la necropsia y a la espera de que sea identificado.<\/p>\n","protected":false},"excerpt":{"rendered":"<p>Asesinan y calcinan a una persona atr\u00e1s del Mercado de Chilpancingo CHILPANCINGO, GRO. Una persona calcinada fue localizada en las inmediaciones del Mercado Central de esta ciudad capital.Este hallazgo se &hellip; <a href=\"https:\/\/unoticias.com.mx\/index.php\/2021\/01\/30\/asesinan-y-calcinan-a-una-persona-atras-del-mercado-de-chilpancingo\/\" class=\"more-link\">Leer m\u00e1s<\/a><\/p>\n","protected":false},"author":1,"featured_media":7700,"comment_status":"open","ping_status":"open","sticky":false,"template":"","format":"standard","meta":{"spay_email":"","footnotes":"","jetpack_publicize_message":"","jetpack_is_tweetstorm":false,"jetpack_publicize_feature_enabled":true},"categories":[15],"tags":[],"class_list":["post-7699","post","type-post","status-publish","format-standard","has-post-thumbnail","hentry","category-local-news","entry"],"jetpack_featured_media_url":"https:\/\/unoticias.com.mx\/wp-content\/uploads\/2021\/01\/IMG_20210130_151949_509.jpg","jetpack_publicize_connections":[],"jetpack_sharing_enabled":true,"jetpack_likes_enabled":true,"_links":{"self":[{"href":"https:\/\/unoticias.com.mx\/index.php\/wp-json\/wp\/v2\/posts\/7699","targetHints":{"allow":["GET"]}}],"collection":[{"href":"https:\/\/unoticias.com.mx\/index.php\/wp-json\/wp\/v2\/posts"}],"about":[{"href":"https:\/\/unoticias.com.mx\/index.php\/wp-json\/wp\/v2\/types\/post"}],"author":[{"embeddable":true,"href":"https:\/\/unoticias.com.mx\/index.php\/wp-json\/wp\/v2\/users\/1"}],"replies":[{"embeddable":true,"href":"https:\/\/unoticias.com.mx\/index.php\/wp-json\/wp\/v2\/comments?post=7699"}],"version-history":[{"count":1,"href":"https:\/\/unoticias.com.mx\/index.php\/wp-json\/wp\/v2\/posts\/7699\/revisions"}],"predecessor-version":[{"id":7701,"href":"https:\/\/unoticias.com.mx\/index.php\/wp-json\/wp\/v2\/posts\/7699\/revisions\/7701"}],"wp:featuredmedia":[{"embeddable":true,"href":"https:\/\/unoticias.com.mx\/index.php\/wp-json\/wp\/v2\/media\/7700"}],"wp:attachment":[{"href":"https:\/\/unoticias.com.mx\/index.php\/wp-json\/wp\/v2\/media?parent=7699"}],"wp:term":[{"taxonomy":"category","embeddable":true,"href":"https:\/\/unoticias.com.mx\/index.php\/wp-json\/wp\/v2\/categories?post=7699"},{"taxonomy":"post_tag","embeddable":true,"href":"https:\/\/unoticias.com.mx\/index.php\/wp-json\/wp\/v2\/tags?post=7699"}],"curies":[{"name":"wp","href":"https:\/\/api.w.org\/{rel}","templated":true}]}}