{"id":7711,"date":"2021-02-01T02:08:00","date_gmt":"2021-02-01T02:08:00","guid":{"rendered":"https:\/\/unoticias.com.mx\/?p=7711"},"modified":"2021-02-01T02:08:00","modified_gmt":"2021-02-01T02:08:00","slug":"2-muertos-en-tragico-accidente-sobre-la-carretera-san-juan-cuajinicuilapa-costa-chica","status":"publish","type":"post","link":"https:\/\/unoticias.com.mx\/index.php\/2021\/02\/01\/2-muertos-en-tragico-accidente-sobre-la-carretera-san-juan-cuajinicuilapa-costa-chica\/","title":{"rendered":"2 muertos en Tr\u00e1gico accidente sobre la carretera San Juan &#8211; Cuajinicuilapa, Costa Chica."},"content":{"rendered":"\n<p>2 muertos en Tr\u00e1gico accidente sobre la carretera San Juan &#8211; Cuajinicuilapa, Costa Chica.<\/p>\n\n\n\n<p><em>Frente al Rancho Los almendros, se impacta una moto contra un veh\u00edculo particular<\/em> Una hora despu\u00e9s llegan ambulancia y Polic\u00eda Estatal<br>El fatal accidente se registr\u00f3 sobre la carretera que conduce a Cuajinicuolapa, frente al Rancho Los Almendros, propiedad de Delfino Aguirre.<br>En los hechos se vieron involucrados una camioneta de tres toneladas propiedad del rancho en menci\u00f3n, un autom\u00f3vil compacto BMW con placas del estado de Morelos y una motocicleta, de la cual los conductores perdieron la vida al salir volando por el impacto, quedando uno bajo las llantas de la camioneta, mientras que el otro m\u00e1s joven qued\u00f3 dentro del rancho, a 20 metros de su unidad.<br>Tanto los conductores del BMW como de la camioneta ganadera solo salieron con heridas leves, de quienes al momento se desconocen los datos personales.<br>Al lugar de los hechos solo hab\u00eda curiosos, fue hasta despu\u00e9s de casi una hora que arribaron la polic\u00eda estatal y la ambulancia de la Cruz Roja de Cuajinicuilapa.<\/p>\n","protected":false},"excerpt":{"rendered":"<p>2 muertos en Tr\u00e1gico accidente sobre la carretera San Juan &#8211; Cuajinicuilapa, Costa Chica. Frente al Rancho Los almendros, se impacta una moto contra un veh\u00edculo particular Una hora despu\u00e9s &hellip; <a href=\"https:\/\/unoticias.com.mx\/index.php\/2021\/02\/01\/2-muertos-en-tragico-accidente-sobre-la-carretera-san-juan-cuajinicuilapa-costa-chica\/\" class=\"more-link\">Leer m\u00e1s<\/a><\/p>\n","protected":false},"author":1,"featured_media":7714,"comment_status":"open","ping_status":"open","sticky":false,"template":"","format":"standard","meta":{"spay_email":"","footnotes":"","jetpack_publicize_message":"","jetpack_is_tweetstorm":false,"jetpack_publicize_feature_enabled":true},"categories":[6],"tags":[],"class_list":["post-7711","post","type-post","status-publish","format-standard","has-post-thumbnail","hentry","category-asia","entry"],"jetpack_featured_media_url":"https:\/\/unoticias.com.mx\/wp-content\/uploads\/2021\/02\/LogoLicious_20210131_195852.jpg","jetpack_publicize_connections":[],"jetpack_sharing_enabled":true,"jetpack_likes_enabled":true,"_links":{"self":[{"href":"https:\/\/unoticias.com.mx\/index.php\/wp-json\/wp\/v2\/posts\/7711","targetHints":{"allow":["GET"]}}],"collection":[{"href":"https:\/\/unoticias.com.mx\/index.php\/wp-json\/wp\/v2\/posts"}],"about":[{"href":"https:\/\/unoticias.com.mx\/index.php\/wp-json\/wp\/v2\/types\/post"}],"author":[{"embeddable":true,"href":"https:\/\/unoticias.com.mx\/index.php\/wp-json\/wp\/v2\/users\/1"}],"replies":[{"embeddable":true,"href":"https:\/\/unoticias.com.mx\/index.php\/wp-json\/wp\/v2\/comments?post=7711"}],"version-history":[{"count":1,"href":"https:\/\/unoticias.com.mx\/index.php\/wp-json\/wp\/v2\/posts\/7711\/revisions"}],"predecessor-version":[{"id":7715,"href":"https:\/\/unoticias.com.mx\/index.php\/wp-json\/wp\/v2\/posts\/7711\/revisions\/7715"}],"wp:featuredmedia":[{"embeddable":true,"href":"https:\/\/unoticias.com.mx\/index.php\/wp-json\/wp\/v2\/media\/7714"}],"wp:attachment":[{"href":"https:\/\/unoticias.com.mx\/index.php\/wp-json\/wp\/v2\/media?parent=7711"}],"wp:term":[{"taxonomy":"category","embeddable":true,"href":"https:\/\/unoticias.com.mx\/index.php\/wp-json\/wp\/v2\/categories?post=7711"},{"taxonomy":"post_tag","embeddable":true,"href":"https:\/\/unoticias.com.mx\/index.php\/wp-json\/wp\/v2\/tags?post=7711"}],"curies":[{"name":"wp","href":"https:\/\/api.w.org\/{rel}","templated":true}]}}