{"id":7910,"date":"2021-02-11T18:18:24","date_gmt":"2021-02-11T18:18:24","guid":{"rendered":"https:\/\/unoticias.com.mx\/?p=7910"},"modified":"2021-02-11T18:18:24","modified_gmt":"2021-02-11T18:18:24","slug":"capturan-a-presunto-ladron-de-la-region-de-la-montana","status":"publish","type":"post","link":"https:\/\/unoticias.com.mx\/index.php\/2021\/02\/11\/capturan-a-presunto-ladron-de-la-region-de-la-montana\/","title":{"rendered":"Capturan a presunto ladr\u00f3n de la regi\u00f3n de la monta\u00f1a."},"content":{"rendered":"\n<p>Capturan a presunto ladr\u00f3n de la regi\u00f3n de la monta\u00f1a.<\/p>\n\n\n\n<p>Fiscal\u00eda de Guerrero a trav\u00e9s de la Polic\u00eda Investigadora Ministerial adscrita a la regi\u00f3n Monta\u00f1a, dio cumplimiento a la orden de aprehensi\u00f3n en contra de Fausto &#8220;N&#8221;, detenido sobre carretera Tlapa-Copanatoyac como probable responsable del delito de Robo, hechos en la causa penal 27\/2015-I a disposici\u00f3n del Juez Primero Penal del Distrito Judicial de Morelos.<\/p>\n","protected":false},"excerpt":{"rendered":"<p>Capturan a presunto ladr\u00f3n de la regi\u00f3n de la monta\u00f1a. Fiscal\u00eda de Guerrero a trav\u00e9s de la Polic\u00eda Investigadora Ministerial adscrita a la regi\u00f3n Monta\u00f1a, dio cumplimiento a la orden &hellip; <a href=\"https:\/\/unoticias.com.mx\/index.php\/2021\/02\/11\/capturan-a-presunto-ladron-de-la-region-de-la-montana\/\" class=\"more-link\">Leer m\u00e1s<\/a><\/p>\n","protected":false},"author":1,"featured_media":7911,"comment_status":"open","ping_status":"open","sticky":false,"template":"","format":"standard","meta":{"spay_email":"","footnotes":"","jetpack_publicize_message":"","jetpack_is_tweetstorm":false,"jetpack_publicize_feature_enabled":true},"categories":[6],"tags":[],"class_list":["post-7910","post","type-post","status-publish","format-standard","has-post-thumbnail","hentry","category-asia","entry"],"jetpack_featured_media_url":"https:\/\/unoticias.com.mx\/wp-content\/uploads\/2021\/02\/IMG_20210211_120018_588.jpg","jetpack_publicize_connections":[],"jetpack_sharing_enabled":true,"jetpack_likes_enabled":true,"_links":{"self":[{"href":"https:\/\/unoticias.com.mx\/index.php\/wp-json\/wp\/v2\/posts\/7910","targetHints":{"allow":["GET"]}}],"collection":[{"href":"https:\/\/unoticias.com.mx\/index.php\/wp-json\/wp\/v2\/posts"}],"about":[{"href":"https:\/\/unoticias.com.mx\/index.php\/wp-json\/wp\/v2\/types\/post"}],"author":[{"embeddable":true,"href":"https:\/\/unoticias.com.mx\/index.php\/wp-json\/wp\/v2\/users\/1"}],"replies":[{"embeddable":true,"href":"https:\/\/unoticias.com.mx\/index.php\/wp-json\/wp\/v2\/comments?post=7910"}],"version-history":[{"count":1,"href":"https:\/\/unoticias.com.mx\/index.php\/wp-json\/wp\/v2\/posts\/7910\/revisions"}],"predecessor-version":[{"id":7912,"href":"https:\/\/unoticias.com.mx\/index.php\/wp-json\/wp\/v2\/posts\/7910\/revisions\/7912"}],"wp:featuredmedia":[{"embeddable":true,"href":"https:\/\/unoticias.com.mx\/index.php\/wp-json\/wp\/v2\/media\/7911"}],"wp:attachment":[{"href":"https:\/\/unoticias.com.mx\/index.php\/wp-json\/wp\/v2\/media?parent=7910"}],"wp:term":[{"taxonomy":"category","embeddable":true,"href":"https:\/\/unoticias.com.mx\/index.php\/wp-json\/wp\/v2\/categories?post=7910"},{"taxonomy":"post_tag","embeddable":true,"href":"https:\/\/unoticias.com.mx\/index.php\/wp-json\/wp\/v2\/tags?post=7910"}],"curies":[{"name":"wp","href":"https:\/\/api.w.org\/{rel}","templated":true}]}}