{"id":7913,"date":"2021-02-11T20:04:25","date_gmt":"2021-02-11T20:04:25","guid":{"rendered":"https:\/\/unoticias.com.mx\/?p=7913"},"modified":"2021-02-11T20:04:25","modified_gmt":"2021-02-11T20:04:25","slug":"capturan-a-presunto-asaltantes-y-roba-coches-de-la-montana","status":"publish","type":"post","link":"https:\/\/unoticias.com.mx\/index.php\/2021\/02\/11\/capturan-a-presunto-asaltantes-y-roba-coches-de-la-montana\/","title":{"rendered":"Capturan a presunto asaltantes y roba coches de la Monta\u00f1a."},"content":{"rendered":"\n<p>Capturan a presunto asaltantes y roba coches de la Monta\u00f1a.<\/p>\n\n\n\n<p>Chilpancingo, Gro. 11 de febrero de 2021.- El Ministerio P\u00fablico adscrito en Tlapa de Comonfort obtuvo vinculaci\u00f3n a proceso en contra de Alejandro &#8220;N&#8221; como probable responsable del delito de Robo de Veh\u00edculo Agravado.<br>En audiencia se presentaron los datos de prueba en contra del imputado, se\u00f1alado como el d\u00eda 2 de febrero de 2021 cuando a la v\u00edctima le dispar\u00f3 con un arma de fuego y lo despoj\u00f3 de un veh\u00edculo Nissan blanco, placas 81CZR9, mientras circulaba de Tlapa a Cochoapa el Grande, a la altura de la comunidad de Cocuilotlazala.<br>Al momento de la detenci\u00f3n, Alejandro &#8220;N&#8221; se le encontr\u00f3 entre sus pertenencias una pistola calibre 22, quedando vinculado a proceso con un plazo de investigaci\u00f3n complementaria de 4 meses y queda bajo la medida cautelar de prisi\u00f3n preventiva.<\/p>\n","protected":false},"excerpt":{"rendered":"<p>Capturan a presunto asaltantes y roba coches de la Monta\u00f1a. Chilpancingo, Gro. 11 de febrero de 2021.- El Ministerio P\u00fablico adscrito en Tlapa de Comonfort obtuvo vinculaci\u00f3n a proceso en &hellip; <a href=\"https:\/\/unoticias.com.mx\/index.php\/2021\/02\/11\/capturan-a-presunto-asaltantes-y-roba-coches-de-la-montana\/\" class=\"more-link\">Leer m\u00e1s<\/a><\/p>\n","protected":false},"author":1,"featured_media":7914,"comment_status":"open","ping_status":"open","sticky":false,"template":"","format":"standard","meta":{"spay_email":"","footnotes":"","jetpack_publicize_message":"","jetpack_is_tweetstorm":false,"jetpack_publicize_feature_enabled":true},"categories":[6],"tags":[],"class_list":["post-7913","post","type-post","status-publish","format-standard","has-post-thumbnail","hentry","category-asia","entry"],"jetpack_featured_media_url":"https:\/\/unoticias.com.mx\/wp-content\/uploads\/2021\/02\/IMG_20210211_140304_108.jpg","jetpack_publicize_connections":[],"jetpack_sharing_enabled":true,"jetpack_likes_enabled":true,"_links":{"self":[{"href":"https:\/\/unoticias.com.mx\/index.php\/wp-json\/wp\/v2\/posts\/7913","targetHints":{"allow":["GET"]}}],"collection":[{"href":"https:\/\/unoticias.com.mx\/index.php\/wp-json\/wp\/v2\/posts"}],"about":[{"href":"https:\/\/unoticias.com.mx\/index.php\/wp-json\/wp\/v2\/types\/post"}],"author":[{"embeddable":true,"href":"https:\/\/unoticias.com.mx\/index.php\/wp-json\/wp\/v2\/users\/1"}],"replies":[{"embeddable":true,"href":"https:\/\/unoticias.com.mx\/index.php\/wp-json\/wp\/v2\/comments?post=7913"}],"version-history":[{"count":1,"href":"https:\/\/unoticias.com.mx\/index.php\/wp-json\/wp\/v2\/posts\/7913\/revisions"}],"predecessor-version":[{"id":7915,"href":"https:\/\/unoticias.com.mx\/index.php\/wp-json\/wp\/v2\/posts\/7913\/revisions\/7915"}],"wp:featuredmedia":[{"embeddable":true,"href":"https:\/\/unoticias.com.mx\/index.php\/wp-json\/wp\/v2\/media\/7914"}],"wp:attachment":[{"href":"https:\/\/unoticias.com.mx\/index.php\/wp-json\/wp\/v2\/media?parent=7913"}],"wp:term":[{"taxonomy":"category","embeddable":true,"href":"https:\/\/unoticias.com.mx\/index.php\/wp-json\/wp\/v2\/categories?post=7913"},{"taxonomy":"post_tag","embeddable":true,"href":"https:\/\/unoticias.com.mx\/index.php\/wp-json\/wp\/v2\/tags?post=7913"}],"curies":[{"name":"wp","href":"https:\/\/api.w.org\/{rel}","templated":true}]}}