{"id":7959,"date":"2021-02-15T02:55:21","date_gmt":"2021-02-15T02:55:21","guid":{"rendered":"https:\/\/unoticias.com.mx\/?p=7959"},"modified":"2021-02-15T02:55:21","modified_gmt":"2021-02-15T02:55:21","slug":"realiza-el-ayuntamiento-de-tlapa-ceremonia-del-190-aniversario-luctuoso-de-vicente-guerrero","status":"publish","type":"post","link":"https:\/\/unoticias.com.mx\/index.php\/2021\/02\/15\/realiza-el-ayuntamiento-de-tlapa-ceremonia-del-190-aniversario-luctuoso-de-vicente-guerrero\/","title":{"rendered":"Realiza el Ayuntamiento de Tlapa ceremonia del 190 Aniversario luctuoso de Vicente Guerrero."},"content":{"rendered":"\n<p>Realiza el Ayuntamiento de Tlapa ceremonia del 190 Aniversario luctuoso de Vicente Guerrero.<\/p>\n\n\n\n<p>Esta ma\u00f1ana se llev\u00f3 a cabo la ceremonia del 190 aniversario luctuoso del General Vicente Guerrero, caudillo insurgente y Presidente de la Rep\u00fablica en 1829, quien mantuvo viva la llama de la Independencia.<br>Izamiento de bandera, ofrenda floral y guardia de honor encabezada por el Lic. Dionicio #PichardoGarc\u00eda, acompa\u00f1ado del H. Cabildo 2018-2021. En el 190 aniversario de su muerte, el libertador y segundo presidente del pa\u00eds, Vicente Guerrero, fue recordado hoy por el municipio, a trav\u00e9s del Gobierno de Tlapa.<\/p>\n\n\n\n<p>-14 de Febrero de 1831 muere Vicente Guerrero.<\/p>\n\n\n\n<p>Vicente Ram\u00f3n Guerrero Salda\u00f1a nace en Tixtla, Intendencia de M\u00e9xico, 9 de agosto de 1782, muere en Cuil\u00e1pam, Oaxaca, 14 de febrero de 1831 fue un pol\u00edtico y militar mexicano, militante y uno de los jefes de la insurgencia en la etapa de Resistencia (1816-1821) de la guerra de Independencia de M\u00e9xico.<br>Tras varios enfrentamientos con el general Agust\u00edn de Iturbide entre diciembre de 1820 y enero de 1821 en los cuales Iturbide no puede derrotar al caudillo, Iturbide cambia de bando y le propone a Guerrero una alianza por la independencia en el conocido Abrazo de Acatempan. Guerrero acepta la propuesta, y el 24 de febrero se promulga el Plan de Iguala con el cual se unen los ej\u00e9rcitos (insurgente y realista) formando as\u00ed al Ej\u00e9rcito Trigarante.<br>Finalmente, el 27 de septiembre, el Ej\u00e9rcito Trigarante entra a la Ciudad de M\u00e9xico, consum\u00e1ndose as\u00ed la independencia mexicana.<br>Fue miembro del Supremo Poder Ejecutivo (1823-1824), Ministro de Guerra y Marina (1828) y ocup\u00f3 la presidencia de M\u00e9xico del 1 de abril al 17 de diciembre de 1829.<br>Por Decreto del 16 de noviembre de 1833, fue declarado Benem\u00e9rito de la Patria, y en 1849 se cre\u00f3, en su honor, el estado de Guerrero.<\/p>\n","protected":false},"excerpt":{"rendered":"<p>Realiza el Ayuntamiento de Tlapa ceremonia del 190 Aniversario luctuoso de Vicente Guerrero. Esta ma\u00f1ana se llev\u00f3 a cabo la ceremonia del 190 aniversario luctuoso del General Vicente Guerrero, caudillo &hellip; <a href=\"https:\/\/unoticias.com.mx\/index.php\/2021\/02\/15\/realiza-el-ayuntamiento-de-tlapa-ceremonia-del-190-aniversario-luctuoso-de-vicente-guerrero\/\" class=\"more-link\">Leer m\u00e1s<\/a><\/p>\n","protected":false},"author":1,"featured_media":7960,"comment_status":"open","ping_status":"open","sticky":false,"template":"","format":"standard","meta":{"spay_email":"","footnotes":"","jetpack_publicize_message":"","jetpack_is_tweetstorm":false,"jetpack_publicize_feature_enabled":true},"categories":[1],"tags":[],"class_list":["post-7959","post","type-post","status-publish","format-standard","has-post-thumbnail","hentry","category-sin-categoria","entry"],"jetpack_featured_media_url":"https:\/\/unoticias.com.mx\/wp-content\/uploads\/2021\/02\/IMG_20210214_205256_787.jpg","jetpack_publicize_connections":[],"jetpack_sharing_enabled":true,"jetpack_likes_enabled":true,"_links":{"self":[{"href":"https:\/\/unoticias.com.mx\/index.php\/wp-json\/wp\/v2\/posts\/7959","targetHints":{"allow":["GET"]}}],"collection":[{"href":"https:\/\/unoticias.com.mx\/index.php\/wp-json\/wp\/v2\/posts"}],"about":[{"href":"https:\/\/unoticias.com.mx\/index.php\/wp-json\/wp\/v2\/types\/post"}],"author":[{"embeddable":true,"href":"https:\/\/unoticias.com.mx\/index.php\/wp-json\/wp\/v2\/users\/1"}],"replies":[{"embeddable":true,"href":"https:\/\/unoticias.com.mx\/index.php\/wp-json\/wp\/v2\/comments?post=7959"}],"version-history":[{"count":1,"href":"https:\/\/unoticias.com.mx\/index.php\/wp-json\/wp\/v2\/posts\/7959\/revisions"}],"predecessor-version":[{"id":7961,"href":"https:\/\/unoticias.com.mx\/index.php\/wp-json\/wp\/v2\/posts\/7959\/revisions\/7961"}],"wp:featuredmedia":[{"embeddable":true,"href":"https:\/\/unoticias.com.mx\/index.php\/wp-json\/wp\/v2\/media\/7960"}],"wp:attachment":[{"href":"https:\/\/unoticias.com.mx\/index.php\/wp-json\/wp\/v2\/media?parent=7959"}],"wp:term":[{"taxonomy":"category","embeddable":true,"href":"https:\/\/unoticias.com.mx\/index.php\/wp-json\/wp\/v2\/categories?post=7959"},{"taxonomy":"post_tag","embeddable":true,"href":"https:\/\/unoticias.com.mx\/index.php\/wp-json\/wp\/v2\/tags?post=7959"}],"curies":[{"name":"wp","href":"https:\/\/api.w.org\/{rel}","templated":true}]}}