{"id":8029,"date":"2021-02-22T02:13:26","date_gmt":"2021-02-22T02:13:26","guid":{"rendered":"https:\/\/unoticias.com.mx\/?p=8029"},"modified":"2021-02-22T02:13:26","modified_gmt":"2021-02-22T02:13:26","slug":"asi-cuelgan-a-un-presunto-ladron-en-oaxaca","status":"publish","type":"post","link":"https:\/\/unoticias.com.mx\/index.php\/2021\/02\/22\/asi-cuelgan-a-un-presunto-ladron-en-oaxaca\/","title":{"rendered":"As\u00ed cuelgan a un presunto ladr\u00f3n en Oaxaca."},"content":{"rendered":"\n<p>As\u00ed cuelgan a un presunto ladr\u00f3n en Oaxaca.<\/p>\n\n\n\n<p>#Oaxaca Capital, detienen a un presunto ladr\u00f3n, que los vecinos le dan una buena terapia psicol\u00f3gica para que no le queden ganas de seguir delinquiendo.<br>Esta imagen se hizo viral en redes sociales.<br><\/p>\n","protected":false},"excerpt":{"rendered":"<p>As\u00ed cuelgan a un presunto ladr\u00f3n en Oaxaca. #Oaxaca Capital, detienen a un presunto ladr\u00f3n, que los vecinos le dan una buena terapia psicol\u00f3gica para que no le queden ganas &hellip; <a href=\"https:\/\/unoticias.com.mx\/index.php\/2021\/02\/22\/asi-cuelgan-a-un-presunto-ladron-en-oaxaca\/\" class=\"more-link\">Leer m\u00e1s<\/a><\/p>\n","protected":false},"author":1,"featured_media":8030,"comment_status":"open","ping_status":"open","sticky":false,"template":"","format":"standard","meta":{"spay_email":"","footnotes":"","jetpack_publicize_message":"","jetpack_is_tweetstorm":false,"jetpack_publicize_feature_enabled":true},"categories":[15],"tags":[],"class_list":["post-8029","post","type-post","status-publish","format-standard","has-post-thumbnail","hentry","category-local-news","entry"],"jetpack_featured_media_url":"https:\/\/unoticias.com.mx\/wp-content\/uploads\/2021\/02\/IMG_20210221_201139_590.jpg","jetpack_publicize_connections":[],"jetpack_sharing_enabled":true,"jetpack_likes_enabled":true,"_links":{"self":[{"href":"https:\/\/unoticias.com.mx\/index.php\/wp-json\/wp\/v2\/posts\/8029","targetHints":{"allow":["GET"]}}],"collection":[{"href":"https:\/\/unoticias.com.mx\/index.php\/wp-json\/wp\/v2\/posts"}],"about":[{"href":"https:\/\/unoticias.com.mx\/index.php\/wp-json\/wp\/v2\/types\/post"}],"author":[{"embeddable":true,"href":"https:\/\/unoticias.com.mx\/index.php\/wp-json\/wp\/v2\/users\/1"}],"replies":[{"embeddable":true,"href":"https:\/\/unoticias.com.mx\/index.php\/wp-json\/wp\/v2\/comments?post=8029"}],"version-history":[{"count":1,"href":"https:\/\/unoticias.com.mx\/index.php\/wp-json\/wp\/v2\/posts\/8029\/revisions"}],"predecessor-version":[{"id":8031,"href":"https:\/\/unoticias.com.mx\/index.php\/wp-json\/wp\/v2\/posts\/8029\/revisions\/8031"}],"wp:featuredmedia":[{"embeddable":true,"href":"https:\/\/unoticias.com.mx\/index.php\/wp-json\/wp\/v2\/media\/8030"}],"wp:attachment":[{"href":"https:\/\/unoticias.com.mx\/index.php\/wp-json\/wp\/v2\/media?parent=8029"}],"wp:term":[{"taxonomy":"category","embeddable":true,"href":"https:\/\/unoticias.com.mx\/index.php\/wp-json\/wp\/v2\/categories?post=8029"},{"taxonomy":"post_tag","embeddable":true,"href":"https:\/\/unoticias.com.mx\/index.php\/wp-json\/wp\/v2\/tags?post=8029"}],"curies":[{"name":"wp","href":"https:\/\/api.w.org\/{rel}","templated":true}]}}