{"id":8252,"date":"2021-03-12T18:05:28","date_gmt":"2021-03-12T18:05:28","guid":{"rendered":"https:\/\/unoticias.com.mx\/?p=8252"},"modified":"2021-03-12T18:05:28","modified_gmt":"2021-03-12T18:05:28","slug":"el-alcalde-titere-de-karina-perez-de-san-andres-roberto-maxil-se-reune-con-el-presidente-de-tlaxcalancingo","status":"publish","type":"post","link":"https:\/\/unoticias.com.mx\/index.php\/2021\/03\/12\/el-alcalde-titere-de-karina-perez-de-san-andres-roberto-maxil-se-reune-con-el-presidente-de-tlaxcalancingo\/","title":{"rendered":"El alcalde t\u00edtere de Karina P\u00e9rez de San Andr\u00e9s, Roberto Maxil se re\u00fane con el presidente de Tlaxcalancingo."},"content":{"rendered":"\n<p>El alcalde t\u00edtere de Karina P\u00e9rez de San Andr\u00e9s, Roberto Maxil se re\u00fane con el presidente de Tlaxcalancingo.<\/p>\n\n\n\n<p>El presidente municipal de San Andr\u00e9s, CHOLULA, T\u00edtere de #KarinaPerezPopoca #RobertoMaxil y el regidor de Gobernaci\u00f3n, Israel Mino, se reuni\u00f3 con el presidente auxiliar de San Bernardino Tlaxcalancingo, Esteban El\u00edas Coatl, para tratar temas de seguridad y obra p\u00fablica. #ValoresQueHacenGobierno<\/p>\n","protected":false},"excerpt":{"rendered":"<p>El alcalde t\u00edtere de Karina P\u00e9rez de San Andr\u00e9s, Roberto Maxil se re\u00fane con el presidente de Tlaxcalancingo. El presidente municipal de San Andr\u00e9s, CHOLULA, T\u00edtere de #KarinaPerezPopoca #RobertoMaxil y &hellip; <a href=\"https:\/\/unoticias.com.mx\/index.php\/2021\/03\/12\/el-alcalde-titere-de-karina-perez-de-san-andres-roberto-maxil-se-reune-con-el-presidente-de-tlaxcalancingo\/\" class=\"more-link\">Leer m\u00e1s<\/a><\/p>\n","protected":false},"author":1,"featured_media":8253,"comment_status":"open","ping_status":"open","sticky":false,"template":"","format":"standard","meta":{"spay_email":"","footnotes":"","jetpack_publicize_message":"","jetpack_is_tweetstorm":false,"jetpack_publicize_feature_enabled":true},"categories":[15],"tags":[],"class_list":["post-8252","post","type-post","status-publish","format-standard","has-post-thumbnail","hentry","category-local-news","entry"],"jetpack_featured_media_url":"https:\/\/unoticias.com.mx\/wp-content\/uploads\/2021\/03\/IMG_20210312_120356_296.jpg","jetpack_publicize_connections":[],"jetpack_sharing_enabled":true,"jetpack_likes_enabled":true,"_links":{"self":[{"href":"https:\/\/unoticias.com.mx\/index.php\/wp-json\/wp\/v2\/posts\/8252","targetHints":{"allow":["GET"]}}],"collection":[{"href":"https:\/\/unoticias.com.mx\/index.php\/wp-json\/wp\/v2\/posts"}],"about":[{"href":"https:\/\/unoticias.com.mx\/index.php\/wp-json\/wp\/v2\/types\/post"}],"author":[{"embeddable":true,"href":"https:\/\/unoticias.com.mx\/index.php\/wp-json\/wp\/v2\/users\/1"}],"replies":[{"embeddable":true,"href":"https:\/\/unoticias.com.mx\/index.php\/wp-json\/wp\/v2\/comments?post=8252"}],"version-history":[{"count":1,"href":"https:\/\/unoticias.com.mx\/index.php\/wp-json\/wp\/v2\/posts\/8252\/revisions"}],"predecessor-version":[{"id":8254,"href":"https:\/\/unoticias.com.mx\/index.php\/wp-json\/wp\/v2\/posts\/8252\/revisions\/8254"}],"wp:featuredmedia":[{"embeddable":true,"href":"https:\/\/unoticias.com.mx\/index.php\/wp-json\/wp\/v2\/media\/8253"}],"wp:attachment":[{"href":"https:\/\/unoticias.com.mx\/index.php\/wp-json\/wp\/v2\/media?parent=8252"}],"wp:term":[{"taxonomy":"category","embeddable":true,"href":"https:\/\/unoticias.com.mx\/index.php\/wp-json\/wp\/v2\/categories?post=8252"},{"taxonomy":"post_tag","embeddable":true,"href":"https:\/\/unoticias.com.mx\/index.php\/wp-json\/wp\/v2\/tags?post=8252"}],"curies":[{"name":"wp","href":"https:\/\/api.w.org\/{rel}","templated":true}]}}