{"id":8439,"date":"2021-03-29T14:23:19","date_gmt":"2021-03-29T14:23:19","guid":{"rendered":"https:\/\/unoticias.com.mx\/?p=8439"},"modified":"2021-03-29T14:23:19","modified_gmt":"2021-03-29T14:23:19","slug":"se-registra-como-aspirante-a-la-alcaldia-de-olinala-saul-apreza-patron","status":"publish","type":"post","link":"https:\/\/unoticias.com.mx\/index.php\/2021\/03\/29\/se-registra-como-aspirante-a-la-alcaldia-de-olinala-saul-apreza-patron\/","title":{"rendered":"Se registra como aspirante a la alcald\u00eda de Olinal\u00e1 Sa\u00fal Apreza Patr\u00f3n."},"content":{"rendered":"\n<p>Se registra como aspirante a la alcald\u00eda de Olinal\u00e1 Sa\u00fal Apreza Patr\u00f3n.<\/p>\n\n\n\n<p>El ex alcalde Olinala #SaulAprezaPatr\u00f3n, se registr\u00f3 como aspirante a la presidencia municipal de #Olinal\u00e1, ante la Comisi\u00f3n Estatal de Procesos Internos del CDE PRI Guerrero.<br>As\u00ed mismo #ManuelS\u00e1nchezRosendo, fuerte aspirante a la Alcaldia y el actual alcalde #Jos\u00e9JuanHerrej\u00f3nOrtiz se toman la foto de la unidad, falt\u00f3 el tambi\u00e9n aspirante #EusebioGonz\u00e1lez<\/p>\n","protected":false},"excerpt":{"rendered":"<p>Se registra como aspirante a la alcald\u00eda de Olinal\u00e1 Sa\u00fal Apreza Patr\u00f3n. El ex alcalde Olinala #SaulAprezaPatr\u00f3n, se registr\u00f3 como aspirante a la presidencia municipal de #Olinal\u00e1, ante la Comisi\u00f3n &hellip; <a href=\"https:\/\/unoticias.com.mx\/index.php\/2021\/03\/29\/se-registra-como-aspirante-a-la-alcaldia-de-olinala-saul-apreza-patron\/\" class=\"more-link\">Leer m\u00e1s<\/a><\/p>\n","protected":false},"author":1,"featured_media":8440,"comment_status":"open","ping_status":"open","sticky":false,"template":"","format":"standard","meta":{"spay_email":"","footnotes":"","jetpack_publicize_message":"","jetpack_is_tweetstorm":false,"jetpack_publicize_feature_enabled":true},"categories":[15],"tags":[],"class_list":["post-8439","post","type-post","status-publish","format-standard","has-post-thumbnail","hentry","category-local-news","entry"],"jetpack_featured_media_url":"https:\/\/unoticias.com.mx\/wp-content\/uploads\/2021\/03\/IMG_20210329_081825_435.jpg","jetpack_publicize_connections":[],"jetpack_sharing_enabled":true,"jetpack_likes_enabled":true,"_links":{"self":[{"href":"https:\/\/unoticias.com.mx\/index.php\/wp-json\/wp\/v2\/posts\/8439","targetHints":{"allow":["GET"]}}],"collection":[{"href":"https:\/\/unoticias.com.mx\/index.php\/wp-json\/wp\/v2\/posts"}],"about":[{"href":"https:\/\/unoticias.com.mx\/index.php\/wp-json\/wp\/v2\/types\/post"}],"author":[{"embeddable":true,"href":"https:\/\/unoticias.com.mx\/index.php\/wp-json\/wp\/v2\/users\/1"}],"replies":[{"embeddable":true,"href":"https:\/\/unoticias.com.mx\/index.php\/wp-json\/wp\/v2\/comments?post=8439"}],"version-history":[{"count":1,"href":"https:\/\/unoticias.com.mx\/index.php\/wp-json\/wp\/v2\/posts\/8439\/revisions"}],"predecessor-version":[{"id":8441,"href":"https:\/\/unoticias.com.mx\/index.php\/wp-json\/wp\/v2\/posts\/8439\/revisions\/8441"}],"wp:featuredmedia":[{"embeddable":true,"href":"https:\/\/unoticias.com.mx\/index.php\/wp-json\/wp\/v2\/media\/8440"}],"wp:attachment":[{"href":"https:\/\/unoticias.com.mx\/index.php\/wp-json\/wp\/v2\/media?parent=8439"}],"wp:term":[{"taxonomy":"category","embeddable":true,"href":"https:\/\/unoticias.com.mx\/index.php\/wp-json\/wp\/v2\/categories?post=8439"},{"taxonomy":"post_tag","embeddable":true,"href":"https:\/\/unoticias.com.mx\/index.php\/wp-json\/wp\/v2\/tags?post=8439"}],"curies":[{"name":"wp","href":"https:\/\/api.w.org\/{rel}","templated":true}]}}