{"id":8469,"date":"2021-03-30T22:07:50","date_gmt":"2021-03-30T22:07:50","guid":{"rendered":"https:\/\/unoticias.com.mx\/?p=8469"},"modified":"2021-03-30T22:07:50","modified_gmt":"2021-03-30T22:07:50","slug":"designa-a-coordinadores-de-campana-de-acapulco-y-zona-norte-el-candidato-de-la-alianza-pri-prd-mario-moreno","status":"publish","type":"post","link":"https:\/\/unoticias.com.mx\/index.php\/2021\/03\/30\/designa-a-coordinadores-de-campana-de-acapulco-y-zona-norte-el-candidato-de-la-alianza-pri-prd-mario-moreno\/","title":{"rendered":"Designa a coordinadores de campa\u00f1a de Acapulco y zona norte el candidato de la alianza PRI-PRD Mario Moreno."},"content":{"rendered":"\n<p>Designa a coordinadores de campa\u00f1a de Acapulco y zona norte el candidato de la alianza PRI-PRD Mario Moreno.<\/p>\n\n\n\n<p>El candidato de la alianza PRI-PRD #MarioMorenoArcos&nbsp; design\u00f3 a Javier Solorio Almaz\u00e1n y Cuauht\u00e9moc Salgado Romero como Coordinadores de campa\u00f1a de Acapulco y Zona Norte se fortalece nuestra alianza que va con mucho #RespetoPorGuerrero y su gente.<\/p>\n\n\n\n<p>\u00a1Gracias por acompa\u00f1arme H\u00e9ctor Apreza Patr\u00f3n y Ricardo Taja!<\/p>\n","protected":false},"excerpt":{"rendered":"<p>Designa a coordinadores de campa\u00f1a de Acapulco y zona norte el candidato de la alianza PRI-PRD Mario Moreno. El candidato de la alianza PRI-PRD #MarioMorenoArcos&nbsp; design\u00f3 a Javier Solorio Almaz\u00e1n &hellip; <a href=\"https:\/\/unoticias.com.mx\/index.php\/2021\/03\/30\/designa-a-coordinadores-de-campana-de-acapulco-y-zona-norte-el-candidato-de-la-alianza-pri-prd-mario-moreno\/\" class=\"more-link\">Leer m\u00e1s<\/a><\/p>\n","protected":false},"author":1,"featured_media":8470,"comment_status":"open","ping_status":"open","sticky":false,"template":"","format":"standard","meta":{"spay_email":"","footnotes":"","jetpack_publicize_message":"","jetpack_is_tweetstorm":false,"jetpack_publicize_feature_enabled":true},"categories":[15],"tags":[],"class_list":["post-8469","post","type-post","status-publish","format-standard","has-post-thumbnail","hentry","category-local-news","entry"],"jetpack_featured_media_url":"https:\/\/unoticias.com.mx\/wp-content\/uploads\/2021\/03\/FB_IMG_1617141640790.jpg","jetpack_publicize_connections":[],"jetpack_sharing_enabled":true,"jetpack_likes_enabled":true,"_links":{"self":[{"href":"https:\/\/unoticias.com.mx\/index.php\/wp-json\/wp\/v2\/posts\/8469","targetHints":{"allow":["GET"]}}],"collection":[{"href":"https:\/\/unoticias.com.mx\/index.php\/wp-json\/wp\/v2\/posts"}],"about":[{"href":"https:\/\/unoticias.com.mx\/index.php\/wp-json\/wp\/v2\/types\/post"}],"author":[{"embeddable":true,"href":"https:\/\/unoticias.com.mx\/index.php\/wp-json\/wp\/v2\/users\/1"}],"replies":[{"embeddable":true,"href":"https:\/\/unoticias.com.mx\/index.php\/wp-json\/wp\/v2\/comments?post=8469"}],"version-history":[{"count":1,"href":"https:\/\/unoticias.com.mx\/index.php\/wp-json\/wp\/v2\/posts\/8469\/revisions"}],"predecessor-version":[{"id":8471,"href":"https:\/\/unoticias.com.mx\/index.php\/wp-json\/wp\/v2\/posts\/8469\/revisions\/8471"}],"wp:featuredmedia":[{"embeddable":true,"href":"https:\/\/unoticias.com.mx\/index.php\/wp-json\/wp\/v2\/media\/8470"}],"wp:attachment":[{"href":"https:\/\/unoticias.com.mx\/index.php\/wp-json\/wp\/v2\/media?parent=8469"}],"wp:term":[{"taxonomy":"category","embeddable":true,"href":"https:\/\/unoticias.com.mx\/index.php\/wp-json\/wp\/v2\/categories?post=8469"},{"taxonomy":"post_tag","embeddable":true,"href":"https:\/\/unoticias.com.mx\/index.php\/wp-json\/wp\/v2\/tags?post=8469"}],"curies":[{"name":"wp","href":"https:\/\/api.w.org\/{rel}","templated":true}]}}