{"id":8650,"date":"2021-04-10T03:15:13","date_gmt":"2021-04-10T03:15:13","guid":{"rendered":"https:\/\/unoticias.com.mx\/?p=8650"},"modified":"2021-04-10T03:15:23","modified_gmt":"2021-04-10T03:15:23","slug":"envivo-se-adhiere-el-movimiento-social-y-campesino-del-estado-de-guerrero-al-proyecto-del-contador-mariomorenoarcos-donde-se-firma-documentos-de-compromiso-con-sebastiandelarosapelaezlo-acompanaro","status":"publish","type":"post","link":"https:\/\/unoticias.com.mx\/index.php\/2021\/04\/10\/envivo-se-adhiere-el-movimiento-social-y-campesino-del-estado-de-guerrero-al-proyecto-del-contador-mariomorenoarcos-donde-se-firma-documentos-de-compromiso-con-sebastiandelarosapelaezlo-acompanaro\/","title":{"rendered":"Envivo Se adhiere el movimiento social y campesino del estado de guerrero al proyecto del contador #MarioMorenoArcos , donde se firma documentos de compromiso con #SebastiandelaRosaPel\u00e1ez<br>Lo acompa\u00f1aron figuras como Javier Carranza #ElCoste\u00f1o<br>El ex gobernador #Ren\u00e9Ju\u00e1rez entre otras figuras p\u00fablicas.<br>www.unoticias.com.mx"},"content":{"rendered":"\n<p><div class=\"fb-video\" data-allowfullscreen=\"true\" data-href=\"https:\/\/www.facebook.com\/UltimasNoticiasdeGuerrero\/videos\/265364308559393\/?sfnsn=scwspmo\"><\/div><\/p>\n","protected":false},"excerpt":{"rendered":"","protected":false},"author":1,"featured_media":0,"comment_status":"open","ping_status":"open","sticky":false,"template":"","format":"standard","meta":{"spay_email":"","footnotes":"","jetpack_publicize_message":"","jetpack_is_tweetstorm":false,"jetpack_publicize_feature_enabled":true},"categories":[1],"tags":[],"class_list":["post-8650","post","type-post","status-publish","format-standard","hentry","category-sin-categoria","entry"],"jetpack_featured_media_url":"","jetpack_publicize_connections":[],"jetpack_sharing_enabled":true,"jetpack_likes_enabled":true,"_links":{"self":[{"href":"https:\/\/unoticias.com.mx\/index.php\/wp-json\/wp\/v2\/posts\/8650","targetHints":{"allow":["GET"]}}],"collection":[{"href":"https:\/\/unoticias.com.mx\/index.php\/wp-json\/wp\/v2\/posts"}],"about":[{"href":"https:\/\/unoticias.com.mx\/index.php\/wp-json\/wp\/v2\/types\/post"}],"author":[{"embeddable":true,"href":"https:\/\/unoticias.com.mx\/index.php\/wp-json\/wp\/v2\/users\/1"}],"replies":[{"embeddable":true,"href":"https:\/\/unoticias.com.mx\/index.php\/wp-json\/wp\/v2\/comments?post=8650"}],"version-history":[{"count":1,"href":"https:\/\/unoticias.com.mx\/index.php\/wp-json\/wp\/v2\/posts\/8650\/revisions"}],"predecessor-version":[{"id":8651,"href":"https:\/\/unoticias.com.mx\/index.php\/wp-json\/wp\/v2\/posts\/8650\/revisions\/8651"}],"wp:attachment":[{"href":"https:\/\/unoticias.com.mx\/index.php\/wp-json\/wp\/v2\/media?parent=8650"}],"wp:term":[{"taxonomy":"category","embeddable":true,"href":"https:\/\/unoticias.com.mx\/index.php\/wp-json\/wp\/v2\/categories?post=8650"},{"taxonomy":"post_tag","embeddable":true,"href":"https:\/\/unoticias.com.mx\/index.php\/wp-json\/wp\/v2\/tags?post=8650"}],"curies":[{"name":"wp","href":"https:\/\/api.w.org\/{rel}","templated":true}]}}