{"id":9139,"date":"2021-05-15T01:33:04","date_gmt":"2021-05-15T01:33:04","guid":{"rendered":"https:\/\/unoticias.com.mx\/?p=9139"},"modified":"2021-05-15T01:33:04","modified_gmt":"2021-05-15T01:33:04","slug":"capturan-a-magistrado-del-tribunal-de-justicia-por-un-desvio-de-mas-de-100-mdp","status":"publish","type":"post","link":"https:\/\/unoticias.com.mx\/index.php\/2021\/05\/15\/capturan-a-magistrado-del-tribunal-de-justicia-por-un-desvio-de-mas-de-100-mdp\/","title":{"rendered":"Capturan a magistrado del tribunal de justicia por un desv\u00edo de m\u00e1s de 100 mdp."},"content":{"rendered":"\n<p>Capturan a magistrado del tribunal de justicia por un desv\u00edo de m\u00e1s de 100 mdp.<\/p>\n\n\n\n<p>PUEBLA, PUE. Por una denuncia en su contra por desv\u00edo de recursos, fue detenido el magistrado de la Primera Sala Unitaria del Tribunal de Justicia Administrativa del Estado, Alfonso Siriako.<br>Elementos de la Fiscal\u00eda General del Estado (FGE) cumplimentaron la orden de aprehensi\u00f3n en su contra durante la tarde de este viernes, aunque no se dio informaci\u00f3n sobre el lugar en que ocurri\u00f3.<br>En el 2017, mientras se desempe\u00f1aba como coordinador general jur\u00eddico de la Secretar\u00eda de Infraestructura Movilidad y Transportes, Alfonso habr\u00eda autorizado el pago de 107.2 millones de pesos a tres constructoras que finalizaron los trabajos del Centro Expositor de Puebla.<br>No obstante, otra empresa qued\u00f3 fuera de ese pago y fue esa constructora quien promovi\u00f3 la denuncia.<br>En diciembre de ese a\u00f1o el detenido fue nombrado magistrado del Tribunal de Justicia Administrativa del Estado.<br>Fuentes de la Fiscal\u00eda han confirmado la detenci\u00f3n del sujeto, indicando que el caso lo lleva la Fiscal\u00eda Especializada de Combate a la Corrupci\u00f3n.<br>Se espera que en las pr\u00f3ximas horas se brinde mayor informaci\u00f3n sobre el tema.<\/p>\n","protected":false},"excerpt":{"rendered":"<p>Capturan a magistrado del tribunal de justicia por un desv\u00edo de m\u00e1s de 100 mdp. PUEBLA, PUE. Por una denuncia en su contra por desv\u00edo de recursos, fue detenido el &hellip; <a href=\"https:\/\/unoticias.com.mx\/index.php\/2021\/05\/15\/capturan-a-magistrado-del-tribunal-de-justicia-por-un-desvio-de-mas-de-100-mdp\/\" class=\"more-link\">Leer m\u00e1s<\/a><\/p>\n","protected":false},"author":1,"featured_media":9140,"comment_status":"open","ping_status":"open","sticky":false,"template":"","format":"standard","meta":{"spay_email":"","footnotes":"","jetpack_publicize_message":"","jetpack_is_tweetstorm":false,"jetpack_publicize_feature_enabled":true},"categories":[40],"tags":[],"class_list":["post-9139","post","type-post","status-publish","format-standard","has-post-thumbnail","hentry","category-nacional","entry"],"jetpack_featured_media_url":"https:\/\/unoticias.com.mx\/wp-content\/uploads\/2021\/05\/IMG-20210514-WA0038.jpg","jetpack_publicize_connections":[],"jetpack_sharing_enabled":true,"jetpack_likes_enabled":true,"_links":{"self":[{"href":"https:\/\/unoticias.com.mx\/index.php\/wp-json\/wp\/v2\/posts\/9139","targetHints":{"allow":["GET"]}}],"collection":[{"href":"https:\/\/unoticias.com.mx\/index.php\/wp-json\/wp\/v2\/posts"}],"about":[{"href":"https:\/\/unoticias.com.mx\/index.php\/wp-json\/wp\/v2\/types\/post"}],"author":[{"embeddable":true,"href":"https:\/\/unoticias.com.mx\/index.php\/wp-json\/wp\/v2\/users\/1"}],"replies":[{"embeddable":true,"href":"https:\/\/unoticias.com.mx\/index.php\/wp-json\/wp\/v2\/comments?post=9139"}],"version-history":[{"count":1,"href":"https:\/\/unoticias.com.mx\/index.php\/wp-json\/wp\/v2\/posts\/9139\/revisions"}],"predecessor-version":[{"id":9141,"href":"https:\/\/unoticias.com.mx\/index.php\/wp-json\/wp\/v2\/posts\/9139\/revisions\/9141"}],"wp:featuredmedia":[{"embeddable":true,"href":"https:\/\/unoticias.com.mx\/index.php\/wp-json\/wp\/v2\/media\/9140"}],"wp:attachment":[{"href":"https:\/\/unoticias.com.mx\/index.php\/wp-json\/wp\/v2\/media?parent=9139"}],"wp:term":[{"taxonomy":"category","embeddable":true,"href":"https:\/\/unoticias.com.mx\/index.php\/wp-json\/wp\/v2\/categories?post=9139"},{"taxonomy":"post_tag","embeddable":true,"href":"https:\/\/unoticias.com.mx\/index.php\/wp-json\/wp\/v2\/tags?post=9139"}],"curies":[{"name":"wp","href":"https:\/\/api.w.org\/{rel}","templated":true}]}}