{"id":9255,"date":"2021-05-23T00:40:22","date_gmt":"2021-05-23T00:40:22","guid":{"rendered":"https:\/\/unoticias.com.mx\/?p=9255"},"modified":"2021-05-23T00:40:22","modified_gmt":"2021-05-23T00:40:22","slug":"calcinados-mueren-turistas-en-carretera-playa-del-carmen","status":"publish","type":"post","link":"https:\/\/unoticias.com.mx\/index.php\/2021\/05\/23\/calcinados-mueren-turistas-en-carretera-playa-del-carmen\/","title":{"rendered":"CALCINADOS MUEREN TURISTAS EN CARRETERA PLAYA DEL CARMEN."},"content":{"rendered":"\n<p>CALCINADOS MUEREN TURISTAS EN CARRETERA PLAYA DEL CARMEN.<\/p>\n\n\n\n<p>Una familia de turistas viajaban en una camioneta sobre la carretera de Playa del Carmen camino a Tulum, cuando el equipo de audio de su veh\u00edculo comenz\u00f3 a incendiarse, de acuerdo con los afectados no les dio tiempo de hacer mucho ya que las llamas se propagaron r\u00e1pidamente, y apenas ltuvieron oportunidad de salir de la unidad lo m\u00e1s r\u00e1pido posible.<br>En el lugar no hubo heridos, solamente da\u00f1os materiales, pues la camioneta qued\u00f3 totalmente calcinada. Los bomberos llegaron para sofocar el fuego y enfriar lo que qued\u00f3 del veh\u00edculo, que para el pesar de la familia, las llamas lo dejaron totalmente calcinado.<\/p>\n","protected":false},"excerpt":{"rendered":"<p>CALCINADOS MUEREN TURISTAS EN CARRETERA PLAYA DEL CARMEN. Una familia de turistas viajaban en una camioneta sobre la carretera de Playa del Carmen camino a Tulum, cuando el equipo de &hellip; <a href=\"https:\/\/unoticias.com.mx\/index.php\/2021\/05\/23\/calcinados-mueren-turistas-en-carretera-playa-del-carmen\/\" class=\"more-link\">Leer m\u00e1s<\/a><\/p>\n","protected":false},"author":1,"featured_media":9256,"comment_status":"open","ping_status":"open","sticky":false,"template":"","format":"standard","meta":{"spay_email":"","footnotes":"","jetpack_publicize_message":"","jetpack_is_tweetstorm":false,"jetpack_publicize_feature_enabled":true},"categories":[40],"tags":[],"class_list":["post-9255","post","type-post","status-publish","format-standard","has-post-thumbnail","hentry","category-nacional","entry"],"jetpack_featured_media_url":"https:\/\/unoticias.com.mx\/wp-content\/uploads\/2021\/05\/IMG_20210522_193323_590.jpg","jetpack_publicize_connections":[],"jetpack_sharing_enabled":true,"jetpack_likes_enabled":true,"_links":{"self":[{"href":"https:\/\/unoticias.com.mx\/index.php\/wp-json\/wp\/v2\/posts\/9255","targetHints":{"allow":["GET"]}}],"collection":[{"href":"https:\/\/unoticias.com.mx\/index.php\/wp-json\/wp\/v2\/posts"}],"about":[{"href":"https:\/\/unoticias.com.mx\/index.php\/wp-json\/wp\/v2\/types\/post"}],"author":[{"embeddable":true,"href":"https:\/\/unoticias.com.mx\/index.php\/wp-json\/wp\/v2\/users\/1"}],"replies":[{"embeddable":true,"href":"https:\/\/unoticias.com.mx\/index.php\/wp-json\/wp\/v2\/comments?post=9255"}],"version-history":[{"count":1,"href":"https:\/\/unoticias.com.mx\/index.php\/wp-json\/wp\/v2\/posts\/9255\/revisions"}],"predecessor-version":[{"id":9257,"href":"https:\/\/unoticias.com.mx\/index.php\/wp-json\/wp\/v2\/posts\/9255\/revisions\/9257"}],"wp:featuredmedia":[{"embeddable":true,"href":"https:\/\/unoticias.com.mx\/index.php\/wp-json\/wp\/v2\/media\/9256"}],"wp:attachment":[{"href":"https:\/\/unoticias.com.mx\/index.php\/wp-json\/wp\/v2\/media?parent=9255"}],"wp:term":[{"taxonomy":"category","embeddable":true,"href":"https:\/\/unoticias.com.mx\/index.php\/wp-json\/wp\/v2\/categories?post=9255"},{"taxonomy":"post_tag","embeddable":true,"href":"https:\/\/unoticias.com.mx\/index.php\/wp-json\/wp\/v2\/tags?post=9255"}],"curies":[{"name":"wp","href":"https:\/\/api.w.org\/{rel}","templated":true}]}}