{"id":9284,"date":"2021-05-26T19:56:17","date_gmt":"2021-05-26T19:56:17","guid":{"rendered":"https:\/\/unoticias.com.mx\/?p=9284"},"modified":"2021-05-26T19:56:17","modified_gmt":"2021-05-26T19:56:17","slug":"mi-gobierno-sera-de-trabajo-permanente-con-resultados-a-favor-de-la-sociedad-mario-moreno","status":"publish","type":"post","link":"https:\/\/unoticias.com.mx\/index.php\/2021\/05\/26\/mi-gobierno-sera-de-trabajo-permanente-con-resultados-a-favor-de-la-sociedad-mario-moreno\/","title":{"rendered":"MI gobierno ser\u00e1 de trabajo permanente, con resultados a favor de la sociedad: Mario Moreno"},"content":{"rendered":"\n<p><em>MI gobierno ser\u00e1 de trabajo permanente, con resultados a favor de la sociedad: Mario Moreno<\/em><\/p>\n\n\n\n<p>*Priistas y perredistas de Iguala avalan la trayectoria de Moreno para ser el gobernador de Guerrero<br>*Su experiencia y compromiso atrae mayor n\u00famero de adhesiones cada d\u00eda<\/p>\n\n\n\n<p>Iguala de la independencia, Gro. Mario Moreno Arcos reiter\u00f3 en su visita a Iguala que habr\u00e1 de encabezar un gobierno serio, un gobierno de experiencia y resultados, por eso d\u00eda con d\u00eda recibe la suma de miles de guerrerenses porque As\u00ed Gana Guerrero.<\/p>\n\n\n\n<p>Acompa\u00f1ado del candidato a presidente municipal de Iguala, David Gama P\u00e9rez, y de la candidata a diputada federal Aracely Alvarado, Mario Moreno Arcos recibi\u00f3 la adhesi\u00f3n de Daniel Figueroa, qui\u00e9n era el aspirante a la alcald\u00eda municipal por el partido Fuerza por M\u00e9xico, durante un evento pol\u00edtico encabezado en la ciudad de Iguala.<\/p>\n\n\n\n<p>Moreno Arcos se\u00f1al\u00f3 que la coalici\u00f3n PRI-PRD t ha ido avanzando hacia la marcha de la victoria, pues l\u00edderes de distintos partidos pol\u00edticos han tomado la decisi\u00f3n de sumarse al mejor proyecto por Guerrero; en poco m\u00e1s de un mes y medio, son m\u00e1s de cien liderazgos de las diferentes regiones de Guerrero que se han sumado.<\/p>\n\n\n\n<p>&#8220;Todos los d\u00edas hemos recibido adhesiones, todos los d\u00edas vamos creciendo, hoy quiero decirles que estamos arriba en las encuestas, que las encuestas ya nos est\u00e1n dando como los ganadores de la pr\u00f3xima elecci\u00f3n&#8221; apunt\u00f3.<\/p>\n\n\n\n<p>Para finalizar una intensa gira de campa\u00f1a por la regi\u00f3n norte del estado, Moreno Arcos se reuni\u00f3 en dos eventos masivos con los habitantes de Iguala, a quienes les reiter\u00f3 su compromiso de trabajar por el desarrollo del municipio y sus comunidades.<\/p>\n\n\n\n<p>Moreno Arcos se reuni\u00f3 adem\u00e1s en esta ciudad con las estructuras del PRD encabezados por la Secretar\u00eda General de este instituto pol\u00edtico, Ivette Bahena y el candidato a diputado federal por el 02 distrito, el doctor L\u00e1zaro Maz\u00f3n Alonso, con quien le une una amistad desde hace muchos a\u00f1os, como lo destac\u00f3 el abanderado de la alianza Va por Guerrero.<\/p>\n\n\n\n<p>A las estructuras del sol azteca les dijo. \u201ceste pr\u00f3ximo gobierno que encabezar\u00e1 Mario Moreno, va ser un gobierno de coalici\u00f3n, donde va a haber muchas mujeres y muchos hombres incorporados en la administraci\u00f3n p\u00fablica estatal; hoy ratifico mi agradecimiento al PRD por el apoyo que he recibido invariablemente en esta gran campa\u00f1a pero tambi\u00e9n quiero ratificarles mi compromiso de trabajar con todas y todos ustedes\u201d.<\/p>\n\n\n\n<p>En este acto, L\u00e1zaro Maz\u00f3n expuso su inter\u00e9s de sumar esfuerzos con quien seguro ser\u00e1 el gobernador de Guerrero, Mario Moreno Arcos, por el bien de los guerrerenses y desde el Congreso de la Uni\u00f3n buscar atraer los recursos que esta entidad necesita para atender las demandas de la poblaci\u00f3n.<\/p>\n\n\n\n<p>En su oportunidad, el ex aspirante a la presidencia de Iguala de Fuerza por M\u00e9xico, expres\u00f3 su determinaci\u00f3n para adherirse al proyecto de Mario Moreno y todos los candidatos del PRI, poniendo a disposici\u00f3n su equipo y proyecto para reforzar en todo lo necesario para llegar al triunfo el 6 de junio, pues no hay duda de que ser\u00e1 la alianza ganadora.<\/p>\n\n\n\n<p>&#8220;Cuenta con la trayectoria, la experiencia, el conocimiento pero sobre todo la convicci\u00f3n de cambiar para bien nuestro municipio y del estado&#8221; le dijo a Mario Moreno y por ello su determinaci\u00f3n.<\/p>\n","protected":false},"excerpt":{"rendered":"<p>MI gobierno ser\u00e1 de trabajo permanente, con resultados a favor de la sociedad: Mario Moreno *Priistas y perredistas de Iguala avalan la trayectoria de Moreno para ser el gobernador de &hellip; <a href=\"https:\/\/unoticias.com.mx\/index.php\/2021\/05\/26\/mi-gobierno-sera-de-trabajo-permanente-con-resultados-a-favor-de-la-sociedad-mario-moreno\/\" class=\"more-link\">Leer m\u00e1s<\/a><\/p>\n","protected":false},"author":1,"featured_media":9285,"comment_status":"open","ping_status":"open","sticky":false,"template":"","format":"standard","meta":{"spay_email":"","footnotes":"","jetpack_publicize_message":"","jetpack_is_tweetstorm":false,"jetpack_publicize_feature_enabled":true},"categories":[15],"tags":[],"class_list":["post-9284","post","type-post","status-publish","format-standard","has-post-thumbnail","hentry","category-local-news","entry"],"jetpack_featured_media_url":"https:\/\/unoticias.com.mx\/wp-content\/uploads\/2021\/05\/IMG_20210526_145343_762.jpg","jetpack_publicize_connections":[],"jetpack_sharing_enabled":true,"jetpack_likes_enabled":true,"_links":{"self":[{"href":"https:\/\/unoticias.com.mx\/index.php\/wp-json\/wp\/v2\/posts\/9284","targetHints":{"allow":["GET"]}}],"collection":[{"href":"https:\/\/unoticias.com.mx\/index.php\/wp-json\/wp\/v2\/posts"}],"about":[{"href":"https:\/\/unoticias.com.mx\/index.php\/wp-json\/wp\/v2\/types\/post"}],"author":[{"embeddable":true,"href":"https:\/\/unoticias.com.mx\/index.php\/wp-json\/wp\/v2\/users\/1"}],"replies":[{"embeddable":true,"href":"https:\/\/unoticias.com.mx\/index.php\/wp-json\/wp\/v2\/comments?post=9284"}],"version-history":[{"count":1,"href":"https:\/\/unoticias.com.mx\/index.php\/wp-json\/wp\/v2\/posts\/9284\/revisions"}],"predecessor-version":[{"id":9286,"href":"https:\/\/unoticias.com.mx\/index.php\/wp-json\/wp\/v2\/posts\/9284\/revisions\/9286"}],"wp:featuredmedia":[{"embeddable":true,"href":"https:\/\/unoticias.com.mx\/index.php\/wp-json\/wp\/v2\/media\/9285"}],"wp:attachment":[{"href":"https:\/\/unoticias.com.mx\/index.php\/wp-json\/wp\/v2\/media?parent=9284"}],"wp:term":[{"taxonomy":"category","embeddable":true,"href":"https:\/\/unoticias.com.mx\/index.php\/wp-json\/wp\/v2\/categories?post=9284"},{"taxonomy":"post_tag","embeddable":true,"href":"https:\/\/unoticias.com.mx\/index.php\/wp-json\/wp\/v2\/tags?post=9284"}],"curies":[{"name":"wp","href":"https:\/\/api.w.org\/{rel}","templated":true}]}}