{"id":9702,"date":"2021-07-05T21:35:18","date_gmt":"2021-07-05T21:35:18","guid":{"rendered":"https:\/\/unoticias.com.mx\/?p=9702"},"modified":"2021-07-05T21:35:18","modified_gmt":"2021-07-05T21:35:18","slug":"la-uagro-implicada-en-la-investigacion-sobre-la-contaminacion-de-los-rios-balsas-y-mezcala","status":"publish","type":"post","link":"https:\/\/unoticias.com.mx\/index.php\/2021\/07\/05\/la-uagro-implicada-en-la-investigacion-sobre-la-contaminacion-de-los-rios-balsas-y-mezcala\/","title":{"rendered":"LA UAGro IMPLICADA EN LA INVESTIGACI\u00d3N SOBRE LA CONTAMINACI\u00d3N DE LOS R\u00cdOS BALSAS Y MEZCALA."},"content":{"rendered":"\n<p>LA UAGro IMPLICADA EN LA INVESTIGACI\u00d3N SOBRE LA CONTAMINACI\u00d3N DE LOS R\u00cdOS BALSAS Y MEZCALA.<\/p>\n\n\n\n<p>*SALDA\u00d1ISMO Y MINER\u00cdA: Cr\u00f3nica de una complicidad t\u00f3xica.<\/p>\n\n\n\n<p>La comunidad Nuevo Balsas es una comunidad de actividades pesqueras, agr\u00edcolas y ganaderas de las cuales dependen del agua del r\u00edo para subsistir, la cual result\u00f3 contaminada por los residuos de los explosivos de la mina y los deshechos que vert\u00edan al r\u00edo Balsas. En el a\u00f1o 2016 la empresa canadiense Torex Gold Resource, due\u00f1a de la minera Media Luna, comenz\u00f3 a recibir reclamos de la comunidad Nuevo Balsas y vecinos cercanos debido a la contaminaci\u00f3n del rio Balsas. En este mismo a\u00f1o la empresa solicit\u00f3 la colaboraci\u00f3n de la Universidad Aut\u00f3noma de Guerrero la cual dictamin\u00f3 que exist\u00eda contaminaci\u00f3n, pero que los altos niveles de ars\u00e9nico en el agua y de otros qu\u00edmicos eran considerados hasta normales en el r\u00edo dejando a un lado el impacto ambiental generado por esta mina. Impartieron talleres, cursos y capacitaron a personas para medir la cantidad de contaminaci\u00f3n en el r\u00edo, o supuestamente es lo que se hizo ya que mas adelante se pudo observar los resultados reales de la contaminaci\u00f3n que la propia UAGro ignor\u00f3, o eso es lo que queremos creer.<br>Los estudios realizados en 2015 por investigadores de la UAGro contradicen completamente a sus propios colegas investigadores en los estudios realizados en el a\u00f1o 2016 para la minera Media Luna, dejando en evidencia la complicidad entre la minera, la universidad y el gobierno del estado en la destrucci\u00f3n ambiental y en el da\u00f1o a la salud de los pueblos que viven del r\u00edo Balsas. Queda en evidencia la poca importancia que se le da a las poblaciones vulnerables y como por unos cuantos pesos nuestra querida universidad se presta a este tipo de actividades y corruptelas, dejando a un lado su car\u00e1cter humanista con cual naci\u00f3.<br>En el a\u00f1o 2018, en enero, se hablaba que la empresa Torex Gold Resource, ubicada en Cocula, contaminaba el r\u00edo de Mezcala y la presa hidroel\u00e9ctrica El Caracol, la cual llega al r\u00edo Balsas. En ese mismo a\u00f1o, trabajadores de Media Luna entraban en paro, los cuales, junto con pobladores de Cocula acusaban a la minera de ser peligrosa tanto para pobladores como para los ecosistemas locales, adem\u00e1s se\u00f1alaron que la comunidad de Cocula est\u00e1 conformada por cerca de 700 habitantes, de los cuales 80% se dedica a la pesca de mojarra y tilapia, actividad que seguir\u00eda siendo afectada si Torex Gold continuaba arrojando sus desechos a El Caracol, poniendo en riesgo la salud de la poblaci\u00f3n, el abasto de agua y la sustentabilidad de los sistemas ecol\u00f3gicos de la regi\u00f3n.<br>El conflicto minero que se deriv\u00f3 tuvo implicaciones sociales, pol\u00edticas y ambientales que hasta el d\u00eda de hoy siguen afectando a la poblaci\u00f3n. Hoy en d\u00eda la minera funciona con total impunidad y actualmente tienen un convenio de colaboraci\u00f3n con la UAGro firmado en el a\u00f1o 2019 (dando conferencias sobre miner\u00eda sustentable, que iron\u00eda).<\/p>\n","protected":false},"excerpt":{"rendered":"<p>LA UAGro IMPLICADA EN LA INVESTIGACI\u00d3N SOBRE LA CONTAMINACI\u00d3N DE LOS R\u00cdOS BALSAS Y MEZCALA. *SALDA\u00d1ISMO Y MINER\u00cdA: Cr\u00f3nica de una complicidad t\u00f3xica. La comunidad Nuevo Balsas es una comunidad &hellip; <a href=\"https:\/\/unoticias.com.mx\/index.php\/2021\/07\/05\/la-uagro-implicada-en-la-investigacion-sobre-la-contaminacion-de-los-rios-balsas-y-mezcala\/\" class=\"more-link\">Leer m\u00e1s<\/a><\/p>\n","protected":false},"author":1,"featured_media":9703,"comment_status":"open","ping_status":"open","sticky":false,"template":"","format":"standard","meta":{"spay_email":"","footnotes":"","jetpack_publicize_message":"","jetpack_is_tweetstorm":false,"jetpack_publicize_feature_enabled":true},"categories":[15],"tags":[],"class_list":["post-9702","post","type-post","status-publish","format-standard","has-post-thumbnail","hentry","category-local-news","entry"],"jetpack_featured_media_url":"https:\/\/unoticias.com.mx\/wp-content\/uploads\/2021\/07\/IMG_20210705_163230_281.jpg","jetpack_publicize_connections":[],"jetpack_sharing_enabled":true,"jetpack_likes_enabled":true,"_links":{"self":[{"href":"https:\/\/unoticias.com.mx\/index.php\/wp-json\/wp\/v2\/posts\/9702","targetHints":{"allow":["GET"]}}],"collection":[{"href":"https:\/\/unoticias.com.mx\/index.php\/wp-json\/wp\/v2\/posts"}],"about":[{"href":"https:\/\/unoticias.com.mx\/index.php\/wp-json\/wp\/v2\/types\/post"}],"author":[{"embeddable":true,"href":"https:\/\/unoticias.com.mx\/index.php\/wp-json\/wp\/v2\/users\/1"}],"replies":[{"embeddable":true,"href":"https:\/\/unoticias.com.mx\/index.php\/wp-json\/wp\/v2\/comments?post=9702"}],"version-history":[{"count":1,"href":"https:\/\/unoticias.com.mx\/index.php\/wp-json\/wp\/v2\/posts\/9702\/revisions"}],"predecessor-version":[{"id":9704,"href":"https:\/\/unoticias.com.mx\/index.php\/wp-json\/wp\/v2\/posts\/9702\/revisions\/9704"}],"wp:featuredmedia":[{"embeddable":true,"href":"https:\/\/unoticias.com.mx\/index.php\/wp-json\/wp\/v2\/media\/9703"}],"wp:attachment":[{"href":"https:\/\/unoticias.com.mx\/index.php\/wp-json\/wp\/v2\/media?parent=9702"}],"wp:term":[{"taxonomy":"category","embeddable":true,"href":"https:\/\/unoticias.com.mx\/index.php\/wp-json\/wp\/v2\/categories?post=9702"},{"taxonomy":"post_tag","embeddable":true,"href":"https:\/\/unoticias.com.mx\/index.php\/wp-json\/wp\/v2\/tags?post=9702"}],"curies":[{"name":"wp","href":"https:\/\/api.w.org\/{rel}","templated":true}]}}