{"id":9763,"date":"2021-07-12T20:15:14","date_gmt":"2021-07-12T20:15:14","guid":{"rendered":"https:\/\/unoticias.com.mx\/?p=9763"},"modified":"2021-07-12T20:15:14","modified_gmt":"2021-07-12T20:15:14","slug":"llama-marcial-a-la-unidad-de-morena-y-a-respaldar-a-evelyn-sin-regateos-ni-condiciones","status":"publish","type":"post","link":"https:\/\/unoticias.com.mx\/index.php\/2021\/07\/12\/llama-marcial-a-la-unidad-de-morena-y-a-respaldar-a-evelyn-sin-regateos-ni-condiciones\/","title":{"rendered":"Llama Marcial a la Unidad de MORENA y a respaldar a Evelyn sin regateos ni condiciones"},"content":{"rendered":"\n<p>Llama Marcial a la Unidad de MORENA y a respaldar a Evelyn sin regateos ni condiciones<\/p>\n\n\n\n<p>Chilpancingo, Gro., 12 de julio del 2021.<\/p>\n\n\n\n<p>El dirigente de MORENA en Guerrero, llam\u00f3 a la unidad de MORENA, &#8211; incluso a quienes no participaron en ning\u00fan evento de campa\u00f1a- a no propiciar grupos ni divisi\u00f3n en el partido, a concentrarse en impulsar la Cuarta Transformaci\u00f3n de Guerrero y a respaldar a la gobernadora electa Evelyn Salgado Pineda, sin condicionamientos ni regateos.<\/p>\n\n\n\n<p>El l\u00edder morenista, indic\u00f3 que los miembros del CEE, que encabezaron en MORENA esta contienda electoral, son fundadores del parido que provienen de luchas sociales, estudiantiles, populares desde la \u00e9poca de los a\u00f1os setenta.<\/p>\n\n\n\n<p>Rodriguez Salda\u00f1a, indic\u00f3 que hoy que ganaron la gubernatura de Guerrero, deben abocarse a trabajar en unidad y a dar resultados impulsando en todos los niveles de gobierno las pol\u00edticas p\u00fablicas de la 4T que a nivel nacional impulsa el Presidente de la Rep\u00fablica Lic. Andr\u00e9s Manuel L\u00f3pez Obrador<\/p>\n","protected":false},"excerpt":{"rendered":"<p>Llama Marcial a la Unidad de MORENA y a respaldar a Evelyn sin regateos ni condiciones Chilpancingo, Gro., 12 de julio del 2021. El dirigente de MORENA en Guerrero, llam\u00f3 &hellip; <a href=\"https:\/\/unoticias.com.mx\/index.php\/2021\/07\/12\/llama-marcial-a-la-unidad-de-morena-y-a-respaldar-a-evelyn-sin-regateos-ni-condiciones\/\" class=\"more-link\">Leer m\u00e1s<\/a><\/p>\n","protected":false},"author":1,"featured_media":9764,"comment_status":"open","ping_status":"open","sticky":false,"template":"","format":"standard","meta":{"spay_email":"","footnotes":"","jetpack_publicize_message":"","jetpack_is_tweetstorm":false,"jetpack_publicize_feature_enabled":true},"categories":[15],"tags":[],"class_list":["post-9763","post","type-post","status-publish","format-standard","has-post-thumbnail","hentry","category-local-news","entry"],"jetpack_featured_media_url":"https:\/\/unoticias.com.mx\/wp-content\/uploads\/2021\/07\/IMG-20210712-WA0062.jpg","jetpack_publicize_connections":[],"jetpack_sharing_enabled":true,"jetpack_likes_enabled":true,"_links":{"self":[{"href":"https:\/\/unoticias.com.mx\/index.php\/wp-json\/wp\/v2\/posts\/9763","targetHints":{"allow":["GET"]}}],"collection":[{"href":"https:\/\/unoticias.com.mx\/index.php\/wp-json\/wp\/v2\/posts"}],"about":[{"href":"https:\/\/unoticias.com.mx\/index.php\/wp-json\/wp\/v2\/types\/post"}],"author":[{"embeddable":true,"href":"https:\/\/unoticias.com.mx\/index.php\/wp-json\/wp\/v2\/users\/1"}],"replies":[{"embeddable":true,"href":"https:\/\/unoticias.com.mx\/index.php\/wp-json\/wp\/v2\/comments?post=9763"}],"version-history":[{"count":1,"href":"https:\/\/unoticias.com.mx\/index.php\/wp-json\/wp\/v2\/posts\/9763\/revisions"}],"predecessor-version":[{"id":9765,"href":"https:\/\/unoticias.com.mx\/index.php\/wp-json\/wp\/v2\/posts\/9763\/revisions\/9765"}],"wp:featuredmedia":[{"embeddable":true,"href":"https:\/\/unoticias.com.mx\/index.php\/wp-json\/wp\/v2\/media\/9764"}],"wp:attachment":[{"href":"https:\/\/unoticias.com.mx\/index.php\/wp-json\/wp\/v2\/media?parent=9763"}],"wp:term":[{"taxonomy":"category","embeddable":true,"href":"https:\/\/unoticias.com.mx\/index.php\/wp-json\/wp\/v2\/categories?post=9763"},{"taxonomy":"post_tag","embeddable":true,"href":"https:\/\/unoticias.com.mx\/index.php\/wp-json\/wp\/v2\/tags?post=9763"}],"curies":[{"name":"wp","href":"https:\/\/api.w.org\/{rel}","templated":true}]}}