{"id":9808,"date":"2021-07-15T22:07:09","date_gmt":"2021-07-15T22:07:09","guid":{"rendered":"https:\/\/unoticias.com.mx\/?p=9808"},"modified":"2021-07-15T22:07:09","modified_gmt":"2021-07-15T22:07:09","slug":"busca-evelyn-salgado-pineda-con-titular-de-secretaria-de-cultura-promover-las-artes-y-tradiciones-de-guerrero","status":"publish","type":"post","link":"https:\/\/unoticias.com.mx\/index.php\/2021\/07\/15\/busca-evelyn-salgado-pineda-con-titular-de-secretaria-de-cultura-promover-las-artes-y-tradiciones-de-guerrero\/","title":{"rendered":"Busca Evelyn Salgado Pineda con titular de Secretar\u00eda de Cultura promover las artes y tradiciones de Guerrero"},"content":{"rendered":"\n<p>Busca Evelyn Salgado Pineda con titular de Secretar\u00eda de Cultura promover las artes y tradiciones de Guerrero<\/p>\n\n\n\n<p>Es justo que la riqueza cultural de Guerrero sea reconocida a nivel nacional e internacional, destaca la gobernadora electa<\/p>\n\n\n\n<p>Ciudad de M\u00e9xico, 15 de julio de 2021.- Con el prop\u00f3sito de promover la riqueza cultural que tiene Guerrero a nivel nacional e internacional, la gobernadora electa, Evelyn Salgado Pineda, sostuvo un encuentro c\u00e1lido y amistoso con la titular de la Secretar\u00eda de Cultura, Alejandra Frausto Guerrero, coincidiendo en la importancia de fortalecer alianzas para la difusi\u00f3n de las artes y tradiciones del estado.<\/p>\n\n\n\n<p>Este jueves, la pr\u00f3xima gobernadora de Guerrero, comparti\u00f3 informaci\u00f3n sobre la reuni\u00f3n celebrada en la Ciudad de M\u00e9xico en las oficinas de la secretaria de Cultura, a quien agradeci\u00f3 el encuentro y reconoci\u00f3 como amiga y aliada de las y los guerrerenses.<\/p>\n\n\n\n<p>\u201cGuerrero tiene una gran riqueza y diversidad cultural que merece todo nuestro respaldo, por ello, celebro y agradezco el encuentro con la titular de la Secretar\u00eda de Cultura, Alejandra Frausto Guerrero, gran amiga y adem\u00e1s, una importante aliada para nuestro estado, con quien acordamos mantener una estrecha relaci\u00f3n de trabajo en favor de la cultura\u201d, public\u00f3 Salgado Pineda en su cuenta oficial de Facebook.<\/p>\n\n\n\n<p>\u201cEs justo que las y los guerrerenses seamos reconocidos a nivel nacional e internacional por nuestro arte, m\u00fasica, canto, baile, tradiciones y costumbres que nos hacen \u00fanicos\u201d, continu\u00f3.<\/p>\n\n\n\n<p>Finalmente, Evelyn Salgado afirm\u00f3, \u201c\u00a1La Cuarta Transformaci\u00f3n llegar\u00e1 a Guerrero a trav\u00e9s de la cultura y las artes!\u201d.<\/p>\n\n\n\n<p>Al ser la principal promotora de la riqueza cultural de Guerrero, Evelyn Salgado Pineda, obsequi\u00f3 a la funcionaria federal un sombrero Calentano, siendo una de las artesan\u00edas m\u00e1s representativas de la regi\u00f3n de la Tierra Caliente donde la gobernadora electa tiene sus ra\u00edces.<\/p>\n","protected":false},"excerpt":{"rendered":"<p>Busca Evelyn Salgado Pineda con titular de Secretar\u00eda de Cultura promover las artes y tradiciones de Guerrero Es justo que la riqueza cultural de Guerrero sea reconocida a nivel nacional &hellip; <a href=\"https:\/\/unoticias.com.mx\/index.php\/2021\/07\/15\/busca-evelyn-salgado-pineda-con-titular-de-secretaria-de-cultura-promover-las-artes-y-tradiciones-de-guerrero\/\" class=\"more-link\">Leer m\u00e1s<\/a><\/p>\n","protected":false},"author":1,"featured_media":9809,"comment_status":"open","ping_status":"open","sticky":false,"template":"","format":"standard","meta":{"spay_email":"","footnotes":"","jetpack_publicize_message":"","jetpack_is_tweetstorm":false,"jetpack_publicize_feature_enabled":true},"categories":[15],"tags":[],"class_list":["post-9808","post","type-post","status-publish","format-standard","has-post-thumbnail","hentry","category-local-news","entry"],"jetpack_featured_media_url":"https:\/\/unoticias.com.mx\/wp-content\/uploads\/2021\/07\/IMG-20210715-WA0044.jpg","jetpack_publicize_connections":[],"jetpack_sharing_enabled":true,"jetpack_likes_enabled":true,"_links":{"self":[{"href":"https:\/\/unoticias.com.mx\/index.php\/wp-json\/wp\/v2\/posts\/9808","targetHints":{"allow":["GET"]}}],"collection":[{"href":"https:\/\/unoticias.com.mx\/index.php\/wp-json\/wp\/v2\/posts"}],"about":[{"href":"https:\/\/unoticias.com.mx\/index.php\/wp-json\/wp\/v2\/types\/post"}],"author":[{"embeddable":true,"href":"https:\/\/unoticias.com.mx\/index.php\/wp-json\/wp\/v2\/users\/1"}],"replies":[{"embeddable":true,"href":"https:\/\/unoticias.com.mx\/index.php\/wp-json\/wp\/v2\/comments?post=9808"}],"version-history":[{"count":1,"href":"https:\/\/unoticias.com.mx\/index.php\/wp-json\/wp\/v2\/posts\/9808\/revisions"}],"predecessor-version":[{"id":9810,"href":"https:\/\/unoticias.com.mx\/index.php\/wp-json\/wp\/v2\/posts\/9808\/revisions\/9810"}],"wp:featuredmedia":[{"embeddable":true,"href":"https:\/\/unoticias.com.mx\/index.php\/wp-json\/wp\/v2\/media\/9809"}],"wp:attachment":[{"href":"https:\/\/unoticias.com.mx\/index.php\/wp-json\/wp\/v2\/media?parent=9808"}],"wp:term":[{"taxonomy":"category","embeddable":true,"href":"https:\/\/unoticias.com.mx\/index.php\/wp-json\/wp\/v2\/categories?post=9808"},{"taxonomy":"post_tag","embeddable":true,"href":"https:\/\/unoticias.com.mx\/index.php\/wp-json\/wp\/v2\/tags?post=9808"}],"curies":[{"name":"wp","href":"https:\/\/api.w.org\/{rel}","templated":true}]}}